{"id":12542,"date":"2019-05-03T09:58:54","date_gmt":"2019-05-03T07:58:54","guid":{"rendered":"https:\/\/fsmcv.org\/?post_type=fsmcv-noticias&#038;p=12542"},"modified":"2021-04-07T14:04:27","modified_gmt":"2021-04-07T12:04:27","slug":"banda-amigos-musica-san-antonio-benageber-el-senyor-guasband-palau-arts","status":"publish","type":"post","link":"https:\/\/fsmcv.org\/vl\/societats-musicals\/banda-amigos-musica-san-antonio-benageber-el-senyor-guasband-palau-arts\/","title":{"rendered":"La Banda \u201cAmigos de la M\u00fasica\u201d de San Antonio de Benag\u00e9ber presenta El Senyor Guasband en el Palau de les Arts"},"content":{"rendered":"<p>Una de les Societats Musicals m\u00e9s joves i xicotetes de la Comunitat Valenciana, la Banda \u201cAmigos de la M\u00fasica\u201d de San Antonio de Benag\u00e9ber, es presentar\u00e0 amb un nou espectacle musical en el concert de clausura del cicle Bandes a les Arts que se celebra en el prestigi\u00f3s Palau de les Arts Reina Sofia de la Ciutat de Val\u00e8ncia aquest diumenge 5 de maig a les 12,00 hores.<\/p>\n<p>L&#8217;espectacle denominat &#8220;El Senyor Guasband&#8221;, dissenyat i dirigit pel director de la banda Enrique Barrachina, oferir\u00e0 un gran concert subtitulat com &#8220;Un mat\u00ed en l&#8217;\u00f2pera&#8221; en el qual s&#8217;interpretaran moltes, variades i molt conegudes obres del repertori oper\u00edstic internacional buscant que el p\u00fablic assistent gaudisca d&#8217;un agradable mat\u00ed musical.<\/p>\n<p>Per a aix\u00f2 aquesta banda tan jove i xicoteta \u2013amb nom\u00e9s una vintena de m\u00fasics\u2013 ha llan\u00e7at el lema &#8220;Un espectacle musical per a tot el poble&#8221; convidant a diverses associacions i entitats culturals del municipi. En l&#8217;escenari gaudirem del Cor Mestre Serrano, el Grup de Ball Valenci\u00e0 Falla Colinas-Azahares, l&#8217;Escola de Dansa Aloha, el Grup de Teatre Nacho S\u00e1ez i la Batukada de tercera edat La Mont\u00f3. Totes aquestes entitats s\u00f3n del propi municipi.<\/p>\n<p>Paral\u00b7lelament \u2013i en una primera part\u2013 participar\u00e0 com a banda convidada la Uni\u00f3 Musical de la Pobla de Farnals, dirigida pel seu titular Juan Jos\u00e9 Catal\u00e1. Totes dues bandes intercanviaran directors de manera puntual en les seues respectives interpretacions.<\/p>\n<p>&#8220;El Senyor Guasband&#8221; narra una fict\u00edcia conversa privada entre un president de banda i el seu jove director.<\/p>\n<p>La Banda &#8220;Amigos de la M\u00fasica&#8221; de San Antonio de Benag\u00e9ber pret\u00e9n d&#8217;aquesta manera transmetre que buscant sinergies, amistat i cooperaci\u00f3 es poden aconseguir grans objectius socioculturals.<\/p>\n","protected":false},"excerpt":{"rendered":"<p>Quasi dos-cents artistes en escena. Set agrupacions art\u00edstiques. La coneguda aplicaci\u00f3 WhatsApp articular\u00e0 l&#8217;espectacle de quasi dues hores de durada.<\/p>\n","protected":false},"author":2,"featured_media":0,"comment_status":"closed","ping_status":"closed","sticky":false,"template":"","format":"standard","meta":{"footnotes":""},"categories":[56],"tags":[],"class_list":["post-12542","post","type-post","status-publish","format-standard","hentry","category-societats-musicals"],"_links":{"self":[{"href":"https:\/\/fsmcv.org\/vl\/wp-json\/wp\/v2\/posts\/12542","targetHints":{"allow":["GET"]}}],"collection":[{"href":"https:\/\/fsmcv.org\/vl\/wp-json\/wp\/v2\/posts"}],"about":[{"href":"https:\/\/fsmcv.org\/vl\/wp-json\/wp\/v2\/types\/post"}],"author":[{"embeddable":true,"href":"https:\/\/fsmcv.org\/vl\/wp-json\/wp\/v2\/users\/2"}],"replies":[{"embeddable":true,"href":"https:\/\/fsmcv.org\/vl\/wp-json\/wp\/v2\/comments?post=12542"}],"version-history":[{"count":0,"href":"https:\/\/fsmcv.org\/vl\/wp-json\/wp\/v2\/posts\/12542\/revisions"}],"wp:attachment":[{"href":"https:\/\/fsmcv.org\/vl\/wp-json\/wp\/v2\/media?parent=12542"}],"wp:term":[{"taxonomy":"category","embeddable":true,"href":"https:\/\/fsmcv.org\/vl\/wp-json\/wp\/v2\/categories?post=12542"},{"taxonomy":"post_tag","embeddable":true,"href":"https:\/\/fsmcv.org\/vl\/wp-json\/wp\/v2\/tags?post=12542"}],"curies":[{"name":"wp","href":"https:\/\/api.w.org\/{rel}","templated":true}]}}