{"id":12699,"date":"2019-05-13T13:03:17","date_gmt":"2019-05-13T11:03:17","guid":{"rendered":"https:\/\/fsmcv.org\/?post_type=fsmcv-noticias&#038;p=12699"},"modified":"2021-03-26T13:34:58","modified_gmt":"2021-03-26T12:34:58","slug":"43-certamen-bandas-diputacion-valencia-palau-musica","status":"publish","type":"post","link":"https:\/\/fsmcv.org\/vl\/certamens\/43-certamen-bandas-diputacion-valencia-palau-musica\/","title":{"rendered":"El 43\u00e9ra Certamen de Bandes de la Diputaci\u00f3 de Val\u00e8ncia se celebra el pr\u00f2xim cap de setmana en el Palau de la M\u00fasica"},"content":{"rendered":"<p>La Sala Iturbi del Palau de la M\u00fasica de Val\u00e8ncia acollir\u00e0 la quarant\u00e9 tercera edici\u00f3 del Certamen de Bandes de la Diputaci\u00f3 de Val\u00e8ncia el pr\u00f2xim cap de setmana, 18 i 19 de maig de 2019.<\/p>\n<p>Es tracta d&#8217;una trobada de gran repercussi\u00f3 social que arriba a aquesta edici\u00f3 n\u00famero 43 amb la col\u00b7laboraci\u00f3 de la Federaci\u00f3 de Societats Musicals de la Comunitat Valenciana, i on enguany participen fins a 13 societats musicals en les cinc categories existents. Aquesta participaci\u00f3 de les societats musicals en el certamen comporta una aportaci\u00f3 fixa m\u00e9s un premi en met\u00e0l\u00b7lic a les bandes guanyadores de cada secci\u00f3. A m\u00e9s, una selecci\u00f3 de les bandes guanyadores participa posteriorment en el certamen auton\u00f2mic.<\/p>\n<p>Enguany, a m\u00e9s de les jornades del Certamen, s&#8217;han preparat activitats especials com l&#8217;acte d&#8217;Obertura que tindr\u00e0 lloc divendres 17 de maig a les 20.00 hores al Palau de les Arts. A l&#8217;acte es lliuraran els reconeixements als directors i bandes m\u00e9s premiades, a m\u00e9s de gaudir amb les actuacions de <span lang=\"EN-US\">Borriana Big Band i L\u2019Anim\u00e9<\/span>.<\/p>\n<h3>Horaris<\/h3>\n<p>L&#8217;horari de celebraci\u00f3 de les diferents seccions del Certamen en el Palau de la M\u00fasica ser\u00e0 com segueix:<\/p>\n<p><em>Dissabte 18 de maig<br \/>\n<\/em><\/p>\n<p>10.30 hores &#8211; Quarta Secci\u00f3<br \/>\n17.00 hores &#8211; Segona Secci\u00f3<\/p>\n<p><em>Diumenge 19 de maig<\/em><\/p>\n<p>10.30 hores- Primera Secci\u00f3 i Secci\u00f3 Especial<br \/>\n17.00 hores &#8211; Tercera Secci\u00f3<\/p>\n<p>Entrada lliure fins a completar aforament.<\/p>\n<h3>Bandes participants<\/h3>\n<p><strong>Secci\u00f3 Especial<\/strong><\/p>\n<p>Centre Art\u00edstic Musical Santa Cec\u00edlia de Foios<\/p>\n<p><strong>Secci\u00f3 Primera<\/strong><\/p>\n<p>Banda Juvenil Societat Musical Instructiva Santa Cec\u00edlia de Cullera<\/p>\n<p><strong>Secci\u00f3 Segona<\/strong><\/p>\n<p>1r Uni\u00f3 Musical Santa Cec\u00edlia de Canals<br \/>\n2n Associaci\u00f3 Cultural Tot per la M\u00fasica d&#8217;Ontinyent<br \/>\n3r Centre Instructiu Musical Santa Cecilia de Y\u00e1tova<\/p>\n<p><strong>Secci\u00f3 Tercera<\/strong><\/p>\n<p>1r Uni\u00f3 Musical de Xeraco<br \/>\n2n Societat Joventut Musical de Quart de les Valls<br \/>\n3r Banda Jove de la Uni\u00f3 Musical Municipal de Godelleta<br \/>\n4t Associaci\u00f3 M\u00fasica Jove de Val\u00e8ncia<br \/>\n5\u00e9 Agrupaci\u00f3n Musical Carrera Fuente de Sant Luis de Val\u00e8ncia<\/p>\n<p><strong>Secci\u00f3 Quarta<\/strong><\/p>\n<p>1r Agrupaci\u00f3 Musical Jove de Manuel<br \/>\n2n Societat Art\u00edstica i Cultural Uni\u00f3 Musical de Benet\u00fasser<br \/>\n3r Uni\u00f3 Musical d&#8217;Alg\u00edmia<\/p>\n<h3>Jurat<\/h3>\n<p>El Jurat qualificador que ha de valorar les actuacions de les diverses Bandes de M\u00fasica participants en el 43 Certamen de Bandes de M\u00fasica de la Diputaci\u00f3 de Val\u00e8ncia estar\u00e0 conformat per:<\/p>\n<p>President: Sr. Xavier Rius Torres, Diputat de Cultura de la Diputaci\u00f3 de Val\u00e8ncia<\/p>\n<p>Vocals:<\/p>\n<p>Sr. Pablo S\u00e1nchez Torrella<br \/>\nSr. Vicente Soler Solano<br \/>\nSr. Pascual Balaguer Echevarr\u00eda<br \/>\nSr. Miguel Enrique de Tena Peris<br \/>\nSr. Andr\u00e9s Valero Castells<\/p>\n<p>Secretario: Sr. Josep Juan Vidal Borr\u00e1s, cap dels Serveis Adminsitrativos de Promoci\u00f3 Cultural de la Diputaci\u00f3 de Val\u00e8ncia<\/p>\n<p>Suplent: Sr. Javier Segarra Gisbert, cap de Secci\u00f3 d&#8217;Administraci\u00f3 i Serveis Culturals.<\/p>\n<h3>Actes al voltant del Certamen<\/h3>\n<p>Com s&#8217;indicaba a l&#8217;inici del text, en aquesta ocasi\u00f3 s&#8217;han preparat diverses activitats que complementaran la celebraci\u00f3 del Certamen.<\/p>\n<p>Per comen\u00e7ar, el pr\u00f2xim dimecres 15 de maig a les 11.00 hores tindr\u00e0 lloc una roda de premsa a la Sala Lucrecia Bori del Palau de la M\u00fasica on es presentaran les dues jornades del Certamen.<\/p>\n<p>Com a novetat, divendres 17 de maig a les 20.00 hores s&#8217;ha organitzat l&#8217;Obertura del Certamen amb el lliurament de reconeixements als directors i bandes m\u00e9s premiades a la Sala Mart\u00edn i Soler del Palau de les Arts. En la mateixa actuaran <span lang=\"EN-US\">Borriana Big Band i L\u2019Anim\u00e9<\/span>.<\/p>\n","protected":false},"excerpt":{"rendered":"<p>Les bandes participants en les diferents seccions es donaran cita en el Palau de la M\u00fasica de Val\u00e8ncia el dissabte 18 i el diumenge 19 de maig en horari de mat\u00ed i vesprada.<\/p>\n","protected":false},"author":2,"featured_media":0,"comment_status":"closed","ping_status":"closed","sticky":false,"template":"","format":"standard","meta":{"footnotes":""},"categories":[234],"tags":[],"class_list":["post-12699","post","type-post","status-publish","format-standard","hentry","category-certamens"],"_links":{"self":[{"href":"https:\/\/fsmcv.org\/vl\/wp-json\/wp\/v2\/posts\/12699","targetHints":{"allow":["GET"]}}],"collection":[{"href":"https:\/\/fsmcv.org\/vl\/wp-json\/wp\/v2\/posts"}],"about":[{"href":"https:\/\/fsmcv.org\/vl\/wp-json\/wp\/v2\/types\/post"}],"author":[{"embeddable":true,"href":"https:\/\/fsmcv.org\/vl\/wp-json\/wp\/v2\/users\/2"}],"replies":[{"embeddable":true,"href":"https:\/\/fsmcv.org\/vl\/wp-json\/wp\/v2\/comments?post=12699"}],"version-history":[{"count":0,"href":"https:\/\/fsmcv.org\/vl\/wp-json\/wp\/v2\/posts\/12699\/revisions"}],"wp:attachment":[{"href":"https:\/\/fsmcv.org\/vl\/wp-json\/wp\/v2\/media?parent=12699"}],"wp:term":[{"taxonomy":"category","embeddable":true,"href":"https:\/\/fsmcv.org\/vl\/wp-json\/wp\/v2\/categories?post=12699"},{"taxonomy":"post_tag","embeddable":true,"href":"https:\/\/fsmcv.org\/vl\/wp-json\/wp\/v2\/tags?post=12699"}],"curies":[{"name":"wp","href":"https:\/\/api.w.org\/{rel}","templated":true}]}}