{"id":12713,"date":"2019-05-14T09:15:54","date_gmt":"2019-05-14T07:15:54","guid":{"rendered":"https:\/\/fsmcv.org\/?post_type=fsmcv-noticias&#038;p=12713"},"modified":"2021-03-26T13:34:26","modified_gmt":"2021-03-26T12:34:26","slug":"convocatoria-oberta-orquestra-ateneu-musical-del-port","status":"publish","type":"post","link":"https:\/\/fsmcv.org\/vl\/convocatories-publiques\/convocatoria-oberta-orquestra-ateneu-musical-del-port\/","title":{"rendered":"Convocat\u00f2ria oberta per a places d&#8217;orquestra en l&#8217;Ateneu Musical del Port"},"content":{"rendered":"<p>L&#8217;Ateneu Musical del Port obri convocat\u00f2ria de places per a la seua Orquestra. Aquestes van destinades a m\u00fasics amb un nivell m\u00ednim de 1r de grau professional.<\/p>\n<p>La formaci\u00f3 treballa tot tipus de repertori orquestral realitzant concerts, intercanvis, nous projectes i activitats de qualitat, tant musicals com socials.<\/p>\n<p><strong>El termini d&#8217;inscripci\u00f3 finalitzar\u00e0 el dia 30 de juny de 2019.<\/strong><\/p>\n<h3>Aspectes generals en l&#8217;acc\u00e9s<\/h3>\n<p>&#8211; L&#8217;acc\u00e9s a l&#8217;Orquestra d&#8217;aquesta Societat estar\u00e0 sotm\u00e9s als principis d&#8217;igualtat, m\u00e8rit i capacitat, i supeditada al nivell formatiu de l&#8217;interessat.<br \/>\n&#8211; Podran accedir m\u00fasics ja formats i alumnes en formaci\u00f3 amb una edat m\u00ednima de 12 anys que actualment estiguen estudiant ensenyaments professionals o grau superior de m\u00fasica en qualsevol especialitat de corda (viol\u00ed, viola, violoncel i contrabaix).<br \/>\n&#8211; La sol\u00b7licitud s&#8217;efectuar\u00e0 seguint el model d&#8217;inscripci\u00f3 de prova d&#8217;acc\u00e9s a l&#8217;Orquestra Ateneu Musical del Port adjunta en les bases d&#8217;aquesta not\u00edcia.<br \/>\n&#8211; En aquest cas la prova d&#8217;acc\u00e9s ser\u00e0 la demostraci\u00f3 oficial del nivell d&#8217;estudis requerit.<br \/>\n&#8211; La Direcci\u00f3 art\u00edstica de l&#8217;Orquestra ser\u00e0 l&#8217;encarregada de seleccionar als\/les candidats\/es tenint en compte la seua formaci\u00f3 acad\u00e8mica i la llista provisional de vacants.<br \/>\n&#8211; El termini d&#8217;inscripci\u00f3 ser\u00e0 del 13 de maig al 30 de juny, tots dos inclosos, en horari d&#8217;atenci\u00f3 al p\u00fablic de la secretaria de la Societat (Tel\u00e8fon: 963672333). Tamb\u00e9 es podran enviar per correu electr\u00f2nic a la seg\u00fcent direcci\u00f3: <a href=\"mailto:sociedad@ateneomusicaldelpuerto.com\" target=\"_blank\" rel=\"noopener noreferrer\">sociedad@ateneomusicaldelpuerto.com<\/a><\/p>\n<h3>Activitats i funcionament<\/h3>\n<p>&#8211; Assajos tots els divendres en horari de 19 a 21.00 hores. Excepcionalment, a petici\u00f3 de la Direcci\u00f3 art\u00edstica, es podran convocar assajos extraordinaris en dia i horari diferent a l&#8217;habitual, amb la finalitat de refor\u00e7ar la preparaci\u00f3 dels programes o de dur a terme activitats concretes de car\u00e0cter especial.<br \/>\n&#8211; Assajos parcials amb especialistes de corda.<br \/>\n&#8211; Assajos i xarrades de directors convidats.<br \/>\n&#8211; Projectes trimestrals (m\u00ednim un concert al trimestre). Aquestos projectes, normalment, tindran lloc en cap de setmana.<br \/>\n&#8211; Repertori formatiu, nou i variat tant d&#8217;orquestra de cordes com d&#8217;orquestra simf\u00f2nica.<br \/>\n&#8211; Participaci\u00f3 en trobades d&#8217;orquestres, projectes d&#8217;intercanvi i altres activitats socials.<br \/>\n&#8211; Oportunitat de con\u00e9ixer i treballar amb solistes, compositors i directors convidats de prestigi.<\/p>\n<h3>Documentaci\u00f3<\/h3>\n<p><a href=\"https:\/\/fsmcv.org\/BTnet-storage\/wp-uploads\/2019\/05\/CONVOCATORIA-ORQUESTA.pdf\" target=\"_blank\" rel=\"noopener noreferrer\">Descarrega les bases i el full d&#8217;inscripci\u00f3. [PDF]<\/a><\/p>\n","protected":false},"excerpt":{"rendered":"<p>El termini d&#8217;inscripci\u00f3 finalitzar\u00e0 el dia 30 de juny de 2019.<\/p>\n","protected":false},"author":2,"featured_media":0,"comment_status":"closed","ping_status":"closed","sticky":false,"template":"","format":"standard","meta":{"footnotes":""},"categories":[45],"tags":[],"class_list":["post-12713","post","type-post","status-publish","format-standard","hentry","category-convocatories-publiques"],"_links":{"self":[{"href":"https:\/\/fsmcv.org\/vl\/wp-json\/wp\/v2\/posts\/12713","targetHints":{"allow":["GET"]}}],"collection":[{"href":"https:\/\/fsmcv.org\/vl\/wp-json\/wp\/v2\/posts"}],"about":[{"href":"https:\/\/fsmcv.org\/vl\/wp-json\/wp\/v2\/types\/post"}],"author":[{"embeddable":true,"href":"https:\/\/fsmcv.org\/vl\/wp-json\/wp\/v2\/users\/2"}],"replies":[{"embeddable":true,"href":"https:\/\/fsmcv.org\/vl\/wp-json\/wp\/v2\/comments?post=12713"}],"version-history":[{"count":0,"href":"https:\/\/fsmcv.org\/vl\/wp-json\/wp\/v2\/posts\/12713\/revisions"}],"wp:attachment":[{"href":"https:\/\/fsmcv.org\/vl\/wp-json\/wp\/v2\/media?parent=12713"}],"wp:term":[{"taxonomy":"category","embeddable":true,"href":"https:\/\/fsmcv.org\/vl\/wp-json\/wp\/v2\/categories?post=12713"},{"taxonomy":"post_tag","embeddable":true,"href":"https:\/\/fsmcv.org\/vl\/wp-json\/wp\/v2\/tags?post=12713"}],"curies":[{"name":"wp","href":"https:\/\/api.w.org\/{rel}","templated":true}]}}