{"id":12717,"date":"2019-05-14T10:33:42","date_gmt":"2019-05-14T08:33:42","guid":{"rendered":"https:\/\/fsmcv.org\/?post_type=fsmcv-noticias&#038;p=12717"},"modified":"2021-04-07T13:57:25","modified_gmt":"2021-04-07T11:57:25","slug":"trobada-nova-creacio-percussio-amores-grup-percussio-estreno-20-composiciones-jovenes-autores","status":"publish","type":"post","link":"https:\/\/fsmcv.org\/vl\/societats-musicals\/trobada-nova-creacio-percussio-amores-grup-percussio-estreno-20-composiciones-jovenes-autores\/","title":{"rendered":"La Trobada de Nova Creaci\u00f3 per a Percussi\u00f3 organitzada per Amores Grup de Percussi\u00f3 inclour\u00e0 l&#8217;estrena de 20 composicions de joves autors valencians"},"content":{"rendered":"<p>El Palau de la M\u00fasica de Val\u00e8ncia acollir\u00e0 els pr\u00f2xims dies 15 i 16 de maig la Trobada de Nova Creaci\u00f3 per a Percussi\u00f3, un punt de reuni\u00f3 de grans percussionistes i creadors actuals organitzada per Amores Grup de Percussi\u00f3 que en 2019 commemora el 30 aniversari del seu naixement.<\/p>\n<p>Reflexionar entorn de la composici\u00f3 per a percussi\u00f3 durant els segles XX i XXI, analitzar les metodologies d&#8217;ensenyament i aprenentatge en la percussi\u00f3 i con\u00e9ixer les possibilitats de les tecnologies aplicades a l&#8217;ensenyament s\u00f3n els objectius d&#8217;aquesta Trobada que inclour\u00e0 la realitzaci\u00f3 de dos concerts en els quals s&#8217;estrenaran 20 obres de m\u00fasica de cambra per a percussi\u00f3 compostes per alumnes de composici\u00f3 procedents de sis conservatoris valencians: Conservatori Professional de M\u00fasica de Torrent, Conservatori Superior de M\u00fasica de Castell\u00f3, Conservatori Professional de M\u00fasica de Val\u00e8ncia, Conservatori Professional de M\u00fasica de Catarroja, Conservatori Professional de M\u00fasica de la Vall d&#8217;Uix\u00f3 i Conservatori Superior de M\u00fasica Joaqu\u00edn Rodrigo de Val\u00e8ncia.<\/p>\n<p>Aix\u00ed mateix s&#8217;han programat dues taules redones en les quals es reflexionar\u00e0 sobre el lloc que ocupa la percussi\u00f3 en el m\u00f3n de la creaci\u00f3 contempor\u00e0nia. En elles participar\u00e0 un ampli ventall de compositors actuals com Francisco Zacar\u00e9s, Emilio Caland\u00edn, Claudia Montero, Miguel A. Berbis, Ricardo Baixauli, Jos\u00e9 A. Orts, Enrique Sanz, Andr\u00e9s Valero, Vicent Roncero, Ferrer Ferran, Sonia Mej\u00edas i Marc Garc\u00eda Vit\u00f2ria, que debatran sobre diferents temes relacionats amb la composici\u00f3 i la percussi\u00f3.<\/p>\n<p>Cal assenyalar que els docents interessats a participar en la Trobada poden fer-ho a trav\u00e9s del servei de formaci\u00f3 del Cefire: <a href=\"http:\/\/cefire.edu.gva.es\/sfp\/index.php?seccion=edicion&amp;id=8021248&amp;fbclid=IwAR0_4hThr--5mw--9T5ZtL26a-wVzwt0LkItl_5ehrhjAGUs1uqTxrMF8rk\" target=\"_blank\" rel=\"noopener noreferrer\">http:\/\/cefire.edu.gva.es\/sfp\/index.php?seccion=edicion&amp;amp;aneu=8021248&amp;amp;fbclid=IwAR0_4hThr&#8211;5mw&#8211;9T5ZtL26a-wVzwt0LkItl_5ehrhjAGUs1uqTxrMF8rk<\/a><\/p>\n<h3>AMORES Grup de Percussi\u00f3, 30 anys en l&#8217;avantguarda<\/h3>\n<p><img fetchpriority=\"high\" decoding=\"async\" class=\"aligncenter wp-image-12720 size-large\" src=\"https:\/\/fsmcv.org\/BTnet-storage\/wp-uploads\/2019\/05\/Amores_30anys-001-1024x755.jpg\" alt=\"\" width=\"1024\" height=\"755\" title=\"\"><\/p>\n<p>Fundat en 1989, Amores Grup de Percussi\u00f3 est\u00e0 integrat per Pau Ballester, \u00c1ngel Garc\u00eda i Jes\u00fas Salvador \u201cChapi\u201d. La formaci\u00f3 pren el seu nom de l&#8217;obra hom\u00f2nima de John Cage, compositor que ha exercit una forta influ\u00e8ncia en el grup i a qui va homenatjar en el Festival de Tardor de Madrid (1991) comptant amb la seua pres\u00e8ncia.<\/p>\n<p>En la seua dilatada traject\u00f2ria ha desenvolupat un paper decisiu en l&#8217;evoluci\u00f3 de la m\u00fasica per a percussi\u00f3 a Espanya, estrenant gran part de l&#8217;obra escrita per a percussi\u00f3 i composicions dedicades al grup. La seua traject\u00f2ria professional sempre ha estat unida a la tasca d&#8217;investigaci\u00f3, docent i educativa creant audicions de percussi\u00f3 per a escolars durant els \u00faltims 20 anys. Els m\u00e9s importants solistes internacionals han actuat al costat del grup.<\/p>\n<h3>Programa<\/h3>\n<p><em>Dimecres 15 de maig<br \/>\n<\/em><\/p>\n<p>17 h. Acte d&#8217;obertura.<\/p>\n<p>17.30 h. Taula redona: \u201cReflexions entorn de la percussi\u00f3 en la creaci\u00f3 contempor\u00e0nia I\u201d.<\/p>\n<p>&#8211; Francisco Zacar\u00e9s. Conservatori Professional de M\u00fasica de Torrent.<br \/>\n&#8211; Emilio Caland\u00edn. Conservatori Superior de M\u00fasica de Castell\u00f3.<br \/>\n&#8211; Claudia Montero. Compositora.<br \/>\n&#8211; Miguel A. Berbis. Conservatori Superior de M\u00fasica de Castell\u00f3.<br \/>\n&#8211; Ricardo Baixauli. Conservatori Professional de M\u00fasica de Velluters de Val\u00e8ncia.<br \/>\n&#8211; Jose A. Orts. Compositor.<\/p>\n<p>19.30\u202fh &#8211; Concert<\/p>\n<p>&#8211; Aula de percussi\u00f3 del Conservatori Professional de M\u00fasica de Torrent.<br \/>\n&#8211; Aula de percussi\u00f3 del Conservatori Superior de M\u00fasica de Castell\u00f3.<br \/>\n&#8211; Aula de percussi\u00f3 del Conservatori Professional de M\u00fasica de la Vall d&#8217;Uix\u00f3.<br \/>\n&#8211; Aula de percussi\u00f3 del Conservatori Superior de M\u00fasica de Val\u00e8ncia.<\/p>\n<p><em>Dijous 16 de maig<br \/>\n<\/em><\/p>\n<p>17.30 h. Taula redona: \u201cReflexions entorn de la percussi\u00f3 en la creaci\u00f3 contempor\u00e0nia II\u201d.<\/p>\n<p>&#8211; Enrique Sanz. Compositor.<br \/>\n&#8211; Andr\u00e9s Valero. Conservatori Superior de M\u00fasica de Val\u00e8ncia. Compositor.<br \/>\n&#8211; Vicent Roncero. Compositor i escriptor. Conservatori Jos\u00e9 Iturbi de Val\u00e8ncia.<br \/>\n&#8211; Ferrer Ferran. Conservatori Professional de M\u00fasica de Val\u00e8ncia. Compositor.<br \/>\n&#8211; Sonia Meg\u00edas. Artista Sonora.<br \/>\n&#8211; Marc Garc\u00eda Vit\u00f2ria. Conservatori Superior de M\u00fasica de Val\u00e8ncia.<\/p>\n<p>19.30 h. Concert.<\/p>\n<p>&#8211; Aula de percussi\u00f3 del Conservatori Superior de M\u00fasica de Val\u00e8ncia.<br \/>\n&#8211; Aula de percussi\u00f3 del Conservatori Professional de M\u00fasica de Torrent.<br \/>\n&#8211; Aula de percussi\u00f3 del Conservatori Professional de M\u00fasica de Catarroja.<br \/>\n&#8211; Aula de percussi\u00f3 del Conservatori Professional de M\u00fasica de Val\u00e8ncia.<\/p>\n<p>Tots els concerts i activitats s\u00f3n gratu\u00efts.<\/p>\n<h3>Documentaci\u00f3<\/h3>\n<p><a href=\"https:\/\/fsmcv.org\/BTnet-storage\/wp-uploads\/2019\/05\/Programa-Trobada.pdf\" target=\"_blank\" rel=\"noopener noreferrer\">Descarrega la programaci\u00f3 de la Trobada. [PDF]<\/a><\/p>\n","protected":false},"excerpt":{"rendered":"<p>El Palau de la M\u00fasica de Val\u00e8ncia acull els dies 15 i 16 de maig aquesta iniciativa en la qual participen 6 conservatoris valencians. El programa inclour\u00e0 dos concerts i dos debats sobre la creaci\u00f3 contempor\u00e0nia per a percussi\u00f3.<\/p>\n","protected":false},"author":2,"featured_media":0,"comment_status":"closed","ping_status":"closed","sticky":false,"template":"","format":"standard","meta":{"footnotes":""},"categories":[56],"tags":[],"class_list":["post-12717","post","type-post","status-publish","format-standard","hentry","category-societats-musicals"],"_links":{"self":[{"href":"https:\/\/fsmcv.org\/vl\/wp-json\/wp\/v2\/posts\/12717","targetHints":{"allow":["GET"]}}],"collection":[{"href":"https:\/\/fsmcv.org\/vl\/wp-json\/wp\/v2\/posts"}],"about":[{"href":"https:\/\/fsmcv.org\/vl\/wp-json\/wp\/v2\/types\/post"}],"author":[{"embeddable":true,"href":"https:\/\/fsmcv.org\/vl\/wp-json\/wp\/v2\/users\/2"}],"replies":[{"embeddable":true,"href":"https:\/\/fsmcv.org\/vl\/wp-json\/wp\/v2\/comments?post=12717"}],"version-history":[{"count":0,"href":"https:\/\/fsmcv.org\/vl\/wp-json\/wp\/v2\/posts\/12717\/revisions"}],"wp:attachment":[{"href":"https:\/\/fsmcv.org\/vl\/wp-json\/wp\/v2\/media?parent=12717"}],"wp:term":[{"taxonomy":"category","embeddable":true,"href":"https:\/\/fsmcv.org\/vl\/wp-json\/wp\/v2\/categories?post=12717"},{"taxonomy":"post_tag","embeddable":true,"href":"https:\/\/fsmcv.org\/vl\/wp-json\/wp\/v2\/tags?post=12717"}],"curies":[{"name":"wp","href":"https:\/\/api.w.org\/{rel}","templated":true}]}}