{"id":12723,"date":"2019-05-14T11:55:45","date_gmt":"2019-05-14T09:55:45","guid":{"rendered":"https:\/\/fsmcv.org\/?post_type=fsmcv-noticias&#038;p=12723"},"modified":"2021-04-07T13:57:14","modified_gmt":"2021-04-07T11:57:14","slug":"agrupacio-musical-amistat-xxiv-festival-orquestas","status":"publish","type":"post","link":"https:\/\/fsmcv.org\/vl\/societats-musicals\/agrupacio-musical-amistat-xxiv-festival-orquestas\/","title":{"rendered":"L&#8217;Agrupaci\u00f3 Musical L&#8217;Amistat celebrar\u00e0 el seu XXIV Festival d&#8217;Orquestres aquest cap de setmana"},"content":{"rendered":"<p>El pr\u00f2xim dissabte 18 de maig l&#8217;Agrupaci\u00f3 Musical L&#8217;Amistat celebrar\u00e0 el seu XXIV Festival d&#8217;Orquestres a les 20.00 hores a l&#8217;Auditori Mol\u00ed de Vila de Quart de Poblet. Aquest festival s&#8217;emmarca dins de la celebraci\u00f3 del XXV aniversari de la fundaci\u00f3 de l&#8217;Orquestra de l&#8217;Agrupaci\u00f3 Musical L&#8217;Amistat.<\/p>\n<p>Participar\u00e0 la Jove Orquestra de la Uni\u00f3 Musical de Paiporta, i com a amfitriona del concert l&#8217;Orquestra de l&#8217;Agrupaci\u00f3 Musical L&#8217;Amistat de Quart de Poblet.<\/p>\n<p>En la primera part intervindr\u00e0 la Jove Orquestra i en la segona part intervindr\u00e0 l&#8217;Orquestra de L&#8217;Amistat.<\/p>\n<p>La Jove Orquestra de la Uni\u00f3 Musical de Paiporta estar\u00e0 dirigida per la seua directora titular, Oxana Smachylo, i comptar\u00e0 amb la participaci\u00f3 de Jordi Tarazona al piano i Anais Bueno a la guitarra. La formaci\u00f3 interpretar\u00e0 el seg\u00fcent programa:<\/p>\n<p>&#8211; <em>Concert en Sol Major per a viola<\/em>, en els seus moviments Largo i Allegro, de F. Teleman. Actuar\u00e0 com a solista Berta Sancho.<br \/>\n&#8211; <em>Humoresca<\/em>, de A. Dvor\u00e1k.<br \/>\n&#8211; <em>Concert en Sol Major &#8220;Alla Rustica<\/em>&#8220;, en els seus moviments Presto, Adagio i Allegro, de A. Vivaldi.<br \/>\n&#8211; <em>Supercalifragilisticexpialidocious<\/em>, de R. Sherman.<br \/>\n&#8211; <em>LaLaLand<\/em>, de Justin Hurwitz.<\/p>\n<p>En la segona part, l&#8217;Orquestra de L&#8217;Amistat sota la batuta del seu director titular, Isidro Coll Ballesteros, interpretar\u00e0 el seg\u00fcent programa:<\/p>\n<p>&#8211; <em>Eleg\u00eda para Ana Bel\u00e9n Ru\u00edz<\/em>, d&#8217;Iluminada P\u00e9rez Troia.<br \/>\n&#8211; <em>Rosamunda<\/em>, obertura, de Frank Schubert.<\/p>\n","protected":false},"excerpt":{"rendered":"<p>El Festival se celebrar\u00e0 el pr\u00f2xim dissabte 18 de maig a l&#8217;Auditori Mol\u00ed de Vila de Quart de Poblet a partir de les 20.00 hores, i comptar\u00e0 amb la participaci\u00f3 de la Jove Orquestra de la Uni\u00f3 Musical de Paiporta i l&#8217;Orquestra de l&#8217;Agrupaci\u00f3 Musical L&#8217;Amistat de Quart de Poblet.<\/p>\n","protected":false},"author":2,"featured_media":0,"comment_status":"closed","ping_status":"closed","sticky":false,"template":"","format":"standard","meta":{"footnotes":""},"categories":[56],"tags":[],"class_list":["post-12723","post","type-post","status-publish","format-standard","hentry","category-societats-musicals"],"_links":{"self":[{"href":"https:\/\/fsmcv.org\/vl\/wp-json\/wp\/v2\/posts\/12723","targetHints":{"allow":["GET"]}}],"collection":[{"href":"https:\/\/fsmcv.org\/vl\/wp-json\/wp\/v2\/posts"}],"about":[{"href":"https:\/\/fsmcv.org\/vl\/wp-json\/wp\/v2\/types\/post"}],"author":[{"embeddable":true,"href":"https:\/\/fsmcv.org\/vl\/wp-json\/wp\/v2\/users\/2"}],"replies":[{"embeddable":true,"href":"https:\/\/fsmcv.org\/vl\/wp-json\/wp\/v2\/comments?post=12723"}],"version-history":[{"count":0,"href":"https:\/\/fsmcv.org\/vl\/wp-json\/wp\/v2\/posts\/12723\/revisions"}],"wp:attachment":[{"href":"https:\/\/fsmcv.org\/vl\/wp-json\/wp\/v2\/media?parent=12723"}],"wp:term":[{"taxonomy":"category","embeddable":true,"href":"https:\/\/fsmcv.org\/vl\/wp-json\/wp\/v2\/categories?post=12723"},{"taxonomy":"post_tag","embeddable":true,"href":"https:\/\/fsmcv.org\/vl\/wp-json\/wp\/v2\/tags?post=12723"}],"curies":[{"name":"wp","href":"https:\/\/api.w.org\/{rel}","templated":true}]}}