{"id":12727,"date":"2019-05-15T08:45:50","date_gmt":"2019-05-15T06:45:50","guid":{"rendered":"https:\/\/fsmcv.org\/?post_type=fsmcv-noticias&#038;p=12727"},"modified":"2021-04-07T13:57:05","modified_gmt":"2021-04-07T11:57:05","slug":"jove-orquestra-sociedad-musical-lira-saguntina-concierto-xilxes","status":"publish","type":"post","link":"https:\/\/fsmcv.org\/vl\/societats-musicals\/jove-orquestra-sociedad-musical-lira-saguntina-concierto-xilxes\/","title":{"rendered":"La Jove Orquestra de la Societat Musical Lira Saguntina oferir\u00e0 un concert a Xilxes"},"content":{"rendered":"<p>Organitzat per l&#8217;Ajuntament de Xilxes, la Jove Orquestra de la Societat Musical Lira Saguntina oferir\u00e0 un concert el pr\u00f2xim diumenge 19 de maig a les 19h en el Teatre Municipal de la citada localitat. El concert est\u00e0 emmarcat en la programaci\u00f3 de primavera organitzada per l&#8217;ajuntament.<\/p>\n<p>El director de la Jove Orquestra, Ram\u00f3n Z. Cerd\u00e1 Ram\u00f3n, ha seleccionat m\u00fasica variada, des del repertori barroc amb m\u00fasica de Vivaldi fins a la dels nostres dies, com a grans bandes sonores de pel\u00b7l\u00edcules. Cal destacar la BSO de Cinema Paradiso amb la solista Mart\u00ednez Piedra al viol\u00ed.<\/p>\n<p>La Jove Orquestra de la Societat Musical Lira Saguntina naix en 2006, com a iniciativa de la directiva de la Societat per a anar introduint als joves estudiants de corda de la seua Escola de m\u00fasica Joaqu\u00edn Rodrigo en el m\u00f3n i disciplina del treball en orquestra, com a pas previ i formatiu per a la seua futura incorporaci\u00f3 a l&#8217;Orquestra Simf\u00f2nica de la Societat.<\/p>\n<p>En els seus primers 10 anys de vida van compartir la tasca formativa Antonio Benedito i Ram\u00f3n Z. Cerd\u00e1, especialistes de violoncel i viol\u00ed respectivament. Des de la temporada 2016-2017 es fa c\u00e0rrec en solitari de la direcci\u00f3 Ram\u00f3n Z. Cerd\u00e1.<\/p>\n","protected":false},"excerpt":{"rendered":"<p>Ser\u00e0 el pr\u00f2xim diumenge 19 de maig a les 19h en el Teatre Municipal de Xilxes amb motiu dels concerts de primavera organitzats pel municipi.<\/p>\n","protected":false},"author":2,"featured_media":0,"comment_status":"closed","ping_status":"closed","sticky":false,"template":"","format":"standard","meta":{"footnotes":""},"categories":[56],"tags":[],"class_list":["post-12727","post","type-post","status-publish","format-standard","hentry","category-societats-musicals"],"_links":{"self":[{"href":"https:\/\/fsmcv.org\/vl\/wp-json\/wp\/v2\/posts\/12727","targetHints":{"allow":["GET"]}}],"collection":[{"href":"https:\/\/fsmcv.org\/vl\/wp-json\/wp\/v2\/posts"}],"about":[{"href":"https:\/\/fsmcv.org\/vl\/wp-json\/wp\/v2\/types\/post"}],"author":[{"embeddable":true,"href":"https:\/\/fsmcv.org\/vl\/wp-json\/wp\/v2\/users\/2"}],"replies":[{"embeddable":true,"href":"https:\/\/fsmcv.org\/vl\/wp-json\/wp\/v2\/comments?post=12727"}],"version-history":[{"count":0,"href":"https:\/\/fsmcv.org\/vl\/wp-json\/wp\/v2\/posts\/12727\/revisions"}],"wp:attachment":[{"href":"https:\/\/fsmcv.org\/vl\/wp-json\/wp\/v2\/media?parent=12727"}],"wp:term":[{"taxonomy":"category","embeddable":true,"href":"https:\/\/fsmcv.org\/vl\/wp-json\/wp\/v2\/categories?post=12727"},{"taxonomy":"post_tag","embeddable":true,"href":"https:\/\/fsmcv.org\/vl\/wp-json\/wp\/v2\/tags?post=12727"}],"curies":[{"name":"wp","href":"https:\/\/api.w.org\/{rel}","templated":true}]}}