{"id":12742,"date":"2019-05-16T16:45:23","date_gmt":"2019-05-16T14:45:23","guid":{"rendered":"https:\/\/fsmcv.org\/?post_type=fsmcv-noticias&#038;p=12742"},"modified":"2022-01-19T13:02:57","modified_gmt":"2022-01-19T12:02:57","slug":"levante-emv-setze-disc-llibre-societats-musicals-18-maig","status":"publish","type":"post","link":"https:\/\/fsmcv.org\/vl\/segell-discografic-i-editorial\/levante-emv-setze-disc-llibre-societats-musicals-18-maig\/","title":{"rendered":"Levante-EMV trau a la venda el setz\u00e9 disc-llibre de la col\u00b7lecci\u00f3 \u201cSocietats Musicals de la Comunitat Valenciana\u201d nom\u00e9s aquest dissabte 18 de maig"},"content":{"rendered":"<p>El setz\u00e9 lliurament de la col\u00b7lecci\u00f3 de disc-llibres que el diari Levante-EMV dedica a les Societats Musicals valencianes eixir\u00e0 a la venda exclusivament el dissabte 18 de maig. Aquesta cuidada s\u00e8rie ha sigut possible gr\u00e0cies a la col\u00b7laboraci\u00f3 de la FSMCV i la Fundaci\u00f3n SGAE.<\/p>\n<p>Protagonitzaran aquest exemplar les formacions band\u00edstiques de la Uni\u00f3 Art\u00edstico Musical \u201cSant Francesc de Borja\u201d de Gandia i de la Societat Musical \u201cLa Nova\u201d de X\u00e0tiva. Juntament amb aquestes bandes trobarem la Jove Banda Simf\u00f2nica de la Federaci\u00f3 de Societats Musicals de la Comunitat Valenciana dirigida en aquesta ocasi\u00f3 per Teo Aparicio Barber\u00e1n.<\/p>\n<p>Recordem que el setz\u00e9 volum de la col\u00b7lecci\u00f3 \u00fanicament podr\u00e0 adquirir-se aquest dissabte 18 de maig per 5,95\u20ac amb el diari Levante-EMV en el vostre punt de venda habitual. No vos ho perdeu!<\/p>\n<h3>Uni\u00f3 Art\u00edstico Musical \u201cSant Francesc de Borja\u201d de Gandia<\/h3>\n<p>Es t\u00e9 not\u00edcia de la seua exist\u00e8ncia a partir de la meitat del segle XIX, per\u00f2 hi ha continu\u00eftat des del 1881 segons consta en l&#8217;Arxiu Municipal de Gandia, a m\u00e9s de fotografies que evidencien la seua exist\u00e8ncia. Des de la seua creaci\u00f3, la Banda experimenta una continu\u00eftat nom\u00e9s truncada per la guerra civil espanyola.<\/p>\n<p>Entre els seus directors cal destacar a Salvador Garc\u00eda \u201cPanxa Verd\u201d, Hermenegildo Amor\u00f3s, Juan Vercher Grau, Miguel Vercher Talens, Jes\u00fas Cantos Plaza i Jacobo Ferrer Cortell.<\/p>\n<p>La Banda Simf\u00f2nica assisteix a nombrosos festivals de m\u00fasica tant a nivell provincial com nacional. Ha participat en cert\u00e0mens en poblacions com: Catarroja, Altea, Torrent, Alacant, Cullera i Val\u00e8ncia, entre altres poblacions. En diverses ocasions, ha assistit al Certamen Internacional de Bandes \u201cCiutat de Val\u00e8ncia\u201d on ha obtingut diversos guardons.<\/p>\n<p>Amb Miguel Vercher Talens com a director, es van crear noves agrupacions com l&#8217;Orquestra Jove \u201cCiutat de Gandia\u201d, la \u201cSan Francisco Big band\u201d, i grups de cambra. I des de 1999 compta amb la Banda Juvenil composta per joves m\u00fasics preparant-se amb il\u00b7lusi\u00f3 per a poder formar part de la Banda Simf\u00f2nica de la Societat.<\/p>\n<p>El 2011 \u00e9s declarada pel Consell de la Generalitat, B\u00e9 d&#8217;Inter\u00e9s Cultural de Rellev\u00e0ncia Local.<\/p>\n<p>En aquestos \u00faltims anys destaquen els premis obtinguts sent director Jes\u00fas Cantos Plaza, com en 2011, quan va obtindre el 2n premi de 2a secci\u00f3 en el Certamen de la Diputaci\u00f3 de Val\u00e8ncia, i tamb\u00e9 el 2n premi en el Certamen de Bandes de Cinema de Cullera. En 2012 va participar en el Certamen de Diputaci\u00f3 de Val\u00e8ncia obtenint el 2n premi de 2a Secci\u00f3.<\/p>\n<p>La Societat Musical compta amb una Escola de M\u00fasica i un Centre Autoritzat d&#8217;Ensenyament Elemental. En 2015, i sota la presid\u00e8ncia de Juan Emilio Esp\u00ed Grau, se li atorga a m\u00e9s l&#8217;autoritzaci\u00f3 de Centre Art\u00edstic Professional de M\u00fasica.<\/p>\n<p>Actualment la Banda est\u00e0 dirigida per Vicente Mendoza S\u00e1nchez.<\/p>\n<p><b>Obres que interpreta en el CD<\/b><\/p>\n<p><i>\u2013 Conqueridor<\/i> (Marxa Cristiana), Jacobo Ferrer Cortell.<br \/>\n<i>\u2013 Josenet <\/i>(Pasdoble), Jacobo Ferrer Cortell.<br \/>\n<i>\u2013 Alba <\/i>(Marxa Mora), Jacobo Ferrer Cortell.<br \/>\n<i>\u2013 Beatus Noster<\/i> (Marxa de Process\u00f3), Jacobo Ferrer Cortell.<br \/>\n<i>\u2013 Juan Monz\u00f3 <\/i>(Pasdoble), Jacobo Ferrer Cortell.<\/p>\n<h3>Societat Musical \u201cLa Nova\u201d de X\u00e0tiva<\/h3>\n<p>Les primeres anotacions hist\u00f2riques sobre la m\u00fasica de banda a X\u00e0tiva estan datades el 5 d&#8217;agost de 1800, en l&#8217;acta capitular referida a les festes de la Mare de D\u00e9u de la Seu, on es deixa const\u00e0ncia de l&#8217;actuaci\u00f3 d&#8217;un conjunt instrumental de d\u00edhuit m\u00fasics, al qual Sarthou Carreres torna a citar amb el nom de &#8220;M\u00fasica de Carchano&#8221; (pel seu promotor Cayetano Carchano).<\/p>\n<p>En el per\u00edode 1813-1840, m\u00e9s crescut ja el grup, es va produir la seua divisi\u00f3 i els m\u00fasics separats del grup originari van formant l&#8217;agrupaci\u00f3 anomenada &#8220;de Benet&#8221;, adoptant l&#8217;uniforme a l&#8217;\u00fas, que donava lloc al qualificatiu de &#8220;prussians&#8221; als membres d&#8217;aquesta banda, i per extensi\u00f3, als socis i simpatitzants. Ja l&#8217;any 1861, la &#8220;m\u00fasica de Benet&#8221;, va comen\u00e7ar a ser coneguda &#8220;M\u00fasica Nova&#8221;, de la qual es conserva un programa de la seua actuaci\u00f3 en la Fira de l&#8217;any 1863 i una curiosa fotografia de 1894.<\/p>\n<p>Les exig\u00e8ncies legals van conduir a l&#8217;acord de 26 de febrer de 1901 de constituir-se en societat art\u00edstic musical, adoptant en els seus estatuts el nom de la Nova. En aquells dies era president de l&#8217;entitat Eduardo Blasco.<\/p>\n<p>El Mestre Ram\u00edrez va compondre l&#8217;himne a la Mare de D\u00e9u de la Seu; va presentar a la Banda en el Certamen de Val\u00e8ncia en 1928 i en el d&#8217;Alcoi en 1929; i va ser la seua labor docent de tal entrega que no hi ha xativ\u00ed que no recorde el seu nom.<\/p>\n<p>Despr\u00e9s del lapse de la contesa civil, es reprenen les activitats amb freq\u00fcents canvis de domicili en precari, fins que en 1966 va passar a la Pl. de la Bassa, aconseguint construir edifici propi en l&#8217;empla\u00e7ament de l&#8217;Albereda, on actualment radica.<\/p>\n<p>Amb motiu del seu centenari, els actes commemoratius del qual es van realitzar entre mar\u00e7 del 2002 i mar\u00e7 del 2003, li va ser atorgada la Medalla d&#8217;Or de l&#8217;Ajuntament de X\u00e0tiva i la Medalla d&#8217;Or de la Federaci\u00f3 de Societats Musicals de la Comunitat Valenciana.<\/p>\n<p>Despr\u00e9s de Juan Irnardo Colon han passat directors com Francesc Brunet, Rafael Rosell i J. Rafael Pascual Vilaplana. La banda est\u00e0 dirigida actualment per Jos\u00e9 Miguel Fayos.<\/p>\n<p><b>Obres que interpreta en el CD<\/b><\/p>\n<p><i>\u2013 Sociedad Musical La Nova de X\u00e0tiva <\/i>(pasdoble), David Penad\u00e9s Fasanar.<br \/>\n<i>\u2013 Asgard<\/i>, Teo Aparicio Barber\u00e1n.<\/p>\n<h3>Jove Banda Simf\u00f2nica de la FSMCV &#8211; Director: Teo Aparicio Barber\u00e1n.<\/h3>\n<p>Teo Aparicio-Barberan (Enguera, 1967) comen\u00e7a els seus estudis en la banda del seu poble de la m\u00e0 de M.Vidal triant com a instrument el saxofon. Estudia en els conservatoris de X\u00e0tiva, Carcaixent, i Superior de Val\u00e8ncia, aconseguint dos esments d\u2019Honor en el grau mitj\u00e0 i superior en el Concurs per a premi extraordinari.<\/p>\n<p>Paral\u00b7lelament als seus estudis de saxofon, estudia contrabaix, piano, harmonia, contrapunt, fuga, composici\u00f3 i direcci\u00f3 d\u2019orquestra.<\/p>\n<p>Durant tres anys assisteix a Girona, als cursos direcci\u00f3 d\u2019orquestra amb Bruno Membrey i de composici\u00f3 i orquestraci\u00f3 amb Carl Schahter. El compositor i director Bernardo Adam Ferrero contribueix a la seua formaci\u00f3 a m\u00e9s del compositor alcoi\u00e0 Luis Blanes, vertader mentor en la seua carrera musical.<\/p>\n<p>L\u2019any 2016 adquireix la condici\u00f3 de Doctor en Humanitats per la Universitat Cardenal Herrera CEU per la seua tesi \u201cPunts de refer\u00e8ncia en l\u2019obra del compositor Luis Blanes: Tradici\u00f3 i modernitat\u201d.<\/p>\n<p>En el seu cat\u00e0leg d\u2019obres hi ha m\u00e9s de 150 treballs en la seua gran majoria per a banda. Moltes d\u2019aquestes obres han sigut peces obligat\u00f2ries a cert\u00e0mens nacionals i internacionals. Les seues composicions han sigut editades per Piles, Tot per l\u2019aire, Ed. Albadoc i per la prestigiosa editorial belga Beriato.<\/p>\n<p>La seua m\u00fasica ha sigut interpretada a \u00c0ustria, Alemanya, Fran\u00e7a, Portugal, el Jap\u00f3, els Estats Units, Su\u00efssa, B\u00e8lgica, Costa Rica i en el prestigi\u00f3s Certamen Internacional de Kerkrade (Holanda). Tamb\u00e9 per solistes de talla internacional com el saxofonista Manuel Mij\u00e1n, el trombonista Armin Ros\u00edn, el quartet \u201cAdolphe sax\u201d, el trompetista Thomas Scheibe, el trompista Abel Pereira, el tubista Vicent L\u00f3pez, o la flautista Ana Mar\u00eda Ribeiro.<\/p>\n<p>Ha sigut director titular de les bandes d\u2019\u00c9nguera, Font de la Figuera, Banda Simf\u00f2nica de Vilanova de Castell\u00f3, Banda Simf\u00f2nica de l\u2019AM \u201cL\u2019Amistat\u201d de Quart de Poblet, de la Uni\u00f3 Musical d\u2019Alaqu\u00e0s, de la \u201cPrimitiva Setabense\u201d de X\u00e0tiva i de \u201cL\u2019Entusiasta\u201d de Benifair\u00f3, aconseguint al capdavant de les mateixes diferents premis en diferents cert\u00e0mens.<\/p>\n<p>El seu nom apareix ressenyat en el llibre \u201cMil m\u00fasics valencians\u201d i en el diccionari enciclop\u00e8dic de M\u00fasica de la Generalitat Valenciana.<\/p>\n<p>Durant les temporades 2007 a 2009 va ser director de la banda simf\u00f2nica de la FSMCV. En 2012 se li concedeix el premi EUTERPE a la millor creaci\u00f3 simf\u00f2nica atorgat per la FSMCV.<\/p>\n<p><b>Obres que interpreta en el CD<\/b><\/p>\n<p><i>\u2013 En la quinta del sordo: I. Entrada-Aquelarre | II. Tr\u00e1nsito-Una manola | III.Tr\u00e1nsito-Saturno devorando a uno de sus hijos<\/i>, Francisco Tamarit Fayos.<\/p>\n","protected":false},"excerpt":{"rendered":"<p>La Uni\u00f3 Art\u00edstico Musical \u201cSant Francesc de Borja\u201d de Gandia, la Societat Musical \u201cLa Nova\u201d de X\u00e0tiva i la Jove Banda Simf\u00f2nica de la FSMCV dirigida per Teo Aparicio Barber\u00e1n, protagonistes d&#8217;aquest exemplar.<\/p>\n","protected":false},"author":2,"featured_media":0,"comment_status":"closed","ping_status":"closed","sticky":false,"template":"","format":"standard","meta":{"footnotes":""},"categories":[35],"tags":[],"class_list":["post-12742","post","type-post","status-publish","format-standard","hentry","category-segell-discografic-i-editorial"],"_links":{"self":[{"href":"https:\/\/fsmcv.org\/vl\/wp-json\/wp\/v2\/posts\/12742","targetHints":{"allow":["GET"]}}],"collection":[{"href":"https:\/\/fsmcv.org\/vl\/wp-json\/wp\/v2\/posts"}],"about":[{"href":"https:\/\/fsmcv.org\/vl\/wp-json\/wp\/v2\/types\/post"}],"author":[{"embeddable":true,"href":"https:\/\/fsmcv.org\/vl\/wp-json\/wp\/v2\/users\/2"}],"replies":[{"embeddable":true,"href":"https:\/\/fsmcv.org\/vl\/wp-json\/wp\/v2\/comments?post=12742"}],"version-history":[{"count":0,"href":"https:\/\/fsmcv.org\/vl\/wp-json\/wp\/v2\/posts\/12742\/revisions"}],"wp:attachment":[{"href":"https:\/\/fsmcv.org\/vl\/wp-json\/wp\/v2\/media?parent=12742"}],"wp:term":[{"taxonomy":"category","embeddable":true,"href":"https:\/\/fsmcv.org\/vl\/wp-json\/wp\/v2\/categories?post=12742"},{"taxonomy":"post_tag","embeddable":true,"href":"https:\/\/fsmcv.org\/vl\/wp-json\/wp\/v2\/tags?post=12742"}],"curies":[{"name":"wp","href":"https:\/\/api.w.org\/{rel}","templated":true}]}}