{"id":12774,"date":"2019-05-20T10:10:54","date_gmt":"2019-05-20T08:10:54","guid":{"rendered":"https:\/\/fsmcv.org\/?post_type=fsmcv-noticias&#038;p=12774"},"modified":"2021-03-26T13:22:58","modified_gmt":"2021-03-26T12:22:58","slug":"resultats-43-certamen-bandes-musica-diputacio-valencia","status":"publish","type":"post","link":"https:\/\/fsmcv.org\/vl\/certamens\/resultats-43-certamen-bandes-musica-diputacio-valencia\/","title":{"rendered":"Resultats 43\u00e9 Certamen de Bandes de M\u00fasica de la Diputaci\u00f3 de Val\u00e8ncia"},"content":{"rendered":"<p>El Certamen de Bandes de M\u00fasica de la Diputaci\u00f3 de Val\u00e8ncia va concloure ahir de vesprada la seua 43a edici\u00f3 amb una emotiva entrega de premis que posava punt i final a un cap de setmana replet de m\u00fasica i germanor. Fins a quinze formacions band\u00edstiques van passar per l&#8217;escenari del Palau de la M\u00fasica per competir en les cinc seccions que componen el concurs.<\/p>\n<p>Entre els encarregats d\u2019entregar els guardons a les agrupacions musicals es trobaven personalitats com ara la regidora de Cultura de l\u2019Ajuntament de Val\u00e8ncia, Gl\u00f2ria Tello, o la directora adjunta de M\u00fasica i Cultura Popular Valenciana de l\u2019Institut Valenci\u00e0 de Cultura, Marga Landete.<\/p>\n<p>El jurat del certamen el formaren els professionals de la m\u00fasica Pablo S\u00e1nchez Torrella, Vicente Soler Solano, Pascual Balaguer Echevarr\u00eda, Miguel Enrique de Tena Peris i Andr\u00e9s Valero Castells.<\/p>\n<p>A continuaci\u00f3 detallem per seccions quins van ser els resultats del 43\u00e9 Certamen de Bandes de M\u00fasica de la Diputaci\u00f3 de Val\u00e8ncia:<\/p>\n<h3>Secci\u00f3 Quarta<\/h3>\n<p>El jurat del certamen va atorgar el primer premi de la categoria, amb menci\u00f3 d\u2019honor, a la Uni\u00f3 Musical Alg\u00edmia d\u2019Alfara, sota la direcci\u00f3 de Xesco Guillem i Escobar. Interpretaren el pasdoble <em>Mar\u00eda Moliner<\/em>, de Vicente Ortiz Gimeno, i l\u2019obra <em>Lake of the Moon<\/em>, de Kevin Houben, a banda de l\u2019obra obligat\u00f2ria de la secci\u00f3, <em>Sait<\/em>, de Rafael Giner Estruch. La formaci\u00f3 va aconseguir 351,5 punts.<\/p>\n<p>La Uni\u00f3 Musical d\u2019Alg\u00edmia d\u2019Alfara, dirigida en l\u2019actualitat per Xesco Guillem, data de 1911. Actualment, la societat compta amb 50 alumnes que cobreixen les especialitats instrumentals de piano, fusta, metall i percussi\u00f3. La major part dels ve\u00efns i ve\u00efnes de la localitat han passat, en algun moment de les seues vides, per la banda.<\/p>\n<p><img fetchpriority=\"high\" decoding=\"async\" class=\"aligncenter wp-image-12775 size-large\" src=\"https:\/\/fsmcv.org\/BTnet-storage\/wp-uploads\/2019\/05\/1r-premi-mencio\u0301-dhonor-Algi\u0301mia-dAlfara_Foto-de-Bau\u0301l-de-Fotos-3-min-1024x683.jpg\" alt=\"\" width=\"1024\" height=\"683\" title=\"\"><\/p>\n<p style=\"text-align: center;\"><em>Uni\u00f3 Musical Alg\u00edmia d\u2019Alfara<\/em><\/p>\n<p>Tamb\u00e9 va obtindre un primer premi ex aequo la Sociedad Art\u00edstica y Cultural Uni\u00f3n Musical de Benet\u00fasser, dirigida per Isidro Joaqu\u00edn Mart\u00ednez Saiz, la qual va destacar amb la interpretaci\u00f3 del pasdoble <em>SACUMB 40 anys fent m\u00fasica<\/em>, de Esteban Peris Avi\u00f1\u00f3, i l\u2019obra <em>Fourth Suite for Band (City of music), <\/em>d\u2019Alfred Reed, aconseguint 325 punts.<\/p>\n<p>La Sociedad Art\u00edstica y Cultural Uni\u00f3n Musical de Benet\u00fasser, creada l\u2019any 1979, est\u00e0 formada, actualment, per 50 m\u00fasics i m\u00fasiques, 70 alumnes i 300 socis i s\u00f2cies. L\u2019any 1991 ja van guanyar el primer premi del Certamen de Bandes de la Diputaci\u00f3 i el tercer premi en l\u2019edici\u00f3 de 2001.<\/p>\n<p><img decoding=\"async\" class=\"aligncenter size-large wp-image-12776\" src=\"https:\/\/fsmcv.org\/BTnet-storage\/wp-uploads\/2019\/05\/1r-premi-UM-Benetu\u0301sser_Foto-Bau\u0301l-de-fotos-2-min-1024x683.jpg\" alt=\"\" width=\"1024\" height=\"683\" title=\"\"><\/p>\n<p style=\"text-align: center;\"><em>Sociedad Art\u00edstica y Cultural Uni\u00f3n Musical de Benet\u00fasser<\/em><\/p>\n<p>El segon premi amb 297 punts va estar per a l\u2019Agrupaci\u00f3 Musical Jove de Manuel i el seu director Vicent Sanchis Mart\u00ednez que van interpretar el pasdoble <em>Panorama<\/em>, de Godofredo Garrigues, i l\u2019obra <em>La Fortaleza<\/em>, de David Penad\u00e9s Fasanar.<\/p>\n<p>Els joves m\u00fasics i m\u00fasiques de Manuel s\u2019han al\u00e7at amb el segon premi. L\u2019Agrupaci\u00f3 Musical Jove de Manuel, constitu\u00efda en l\u2019any 2004, est\u00e0 formada per 45 m\u00fasics d\u2019edats compreses entre els 9 i els 18 anys, i dirigida per Vicent Sanchis Mart\u00ednez, un exalumne de la banda.<\/p>\n<p><img decoding=\"async\" class=\"aligncenter size-large wp-image-12777\" src=\"https:\/\/fsmcv.org\/BTnet-storage\/wp-uploads\/2019\/05\/2n-premi-Agrupacio\u0301-Musical-Jove-de-Manuel_-Foto-Bau\u0301l-de-fotos-3-min-1024x683.jpg\" alt=\"\" width=\"1024\" height=\"683\" title=\"\"><\/p>\n<p style=\"text-align: center;\"><em>Agrupaci\u00f3 Musical Jove de Manuel<\/em><\/p>\n<h3>Secci\u00f3 Segona<\/h3>\n<p>El Centro Instructivo Musical Santa Cecilia de Y\u00e1tova va ser l\u2019encarregada de tancar les actuacions de la Secci\u00f3 Segona interpretant el pasdoble <em>Laura Fabra<\/em>, de Santi Miguel Alarc\u00f3n<em>, <\/em>i l\u2019obra <em>Cervantes ejemplar (Temps I i III)<\/em>, d\u2019Enrique de Tena, a m\u00e9s de la pe\u00e7a obligat\u00f2ria. L\u2019agrupaci\u00f3 musical, dirigida Juan Manuel Alarc\u00f3n Garc\u00eda, va aconseguir el primer premi amb menci\u00f3 d\u2019honor gr\u00e0cies als 354 punts que va aconseguir.<\/p>\n<p>El CIM Santa Cecilia de Y\u00e1tova va ser fundat l\u2019any 1982 i compta, en l\u2019actualitat, amb una plantilla de 85 m\u00fasics i una escola amb m\u00e9s de 60 alumnes. El centre ja va guanyar el primer premi del Certamen de Bandes de la Diputaci\u00f3 en 1999 i en 2006, aix\u00ed com el segon premi en 1992.<\/p>\n<p><img loading=\"lazy\" decoding=\"async\" class=\"aligncenter size-large wp-image-12779\" src=\"https:\/\/fsmcv.org\/BTnet-storage\/wp-uploads\/2019\/05\/Santa-Cecilia-Yatova-1r-premi-i-mencio\u0301-honor_foto-Baul-de-fotos-1024x768.jpeg\" alt=\"\" width=\"1024\" height=\"768\" title=\"\"><\/p>\n<p style=\"text-align: center;\"><em>Centro Instructivo Musical Santa Cecilia de Y\u00e1tova<\/em><\/p>\n<p>El segon lloc de la Secci\u00f3 Segona el compartiran dues agrupacions musicals que competien en la categoria. Per una banda, la Uni\u00f3 Musical Santa Cec\u00edlia de Canals, dirigida per Josep Ros Garc\u00eda, que va ser l\u2019encarregada d\u2019obrir la competici\u00f3 la vesprada del dissabte, i ho va fer amb la interpretaci\u00f3 del pasdoble <em>Jos\u00e9 Arnau el m\u00e9s gran<\/em>, de propi Ros Garc\u00eda, i l\u2019obra <em>The year of the Dragon<\/em>, de Philip Sparke, aix\u00ed com l\u2019obra obligada de la secci\u00f3, que els va fer valedors del segon premi de la secci\u00f3 amb 296 punts.<\/p>\n<p>La Uni\u00f3 Musical Santa Cec\u00edlia de Canals va ser constitu\u00efda l\u2019any 1987 i compta, en l\u2019actualitat, amb 83 m\u00fasics i m\u00fasiques i una escola amb 115 alumnes matriculats. En 2009 ja es van al\u00e7ar amb el segon premi del Certamen de Bandes de la Diputaci\u00f3 de Val\u00e8ncia.<\/p>\n<p><img loading=\"lazy\" decoding=\"async\" class=\"aligncenter size-large wp-image-12781\" src=\"https:\/\/fsmcv.org\/BTnet-storage\/wp-uploads\/2019\/05\/UM-Santa-Cecilia-de-Canals-2n-premi_Foto-Baul-de-Fotos-1024x768.jpeg\" alt=\"\" width=\"1024\" height=\"768\" title=\"\"><\/p>\n<p style=\"text-align: center;\"><em>Uni\u00f3 Musical Santa Cec\u00edlia de Canals<\/em><\/p>\n<p>Tamb\u00e9 el segon premi van guanyar els m\u00fasics i m\u00fasiques de l\u2019Associaci\u00f3 Cultural Tot per la M\u00fasica d\u2019Ontinyent, amb Jordi Soler i Carb\u00f3 de director, que, a m\u00e9s de la pe\u00e7a obligada de la secci\u00f3, interpretaren el pasdoble <em>Miriam Mart\u00ednez<\/em>, de Mario Roig Vila, i l\u2019obra lliure <em>Taj Mahal<\/em>, d\u2019Hugo Mart\u00ednez Chinesta. 287,5 van ser els punts que van aconseguir.<\/p>\n<p>La tamb\u00e9 coneguda com a Banda Simf\u00f2nica d\u2019Ontinyent va n\u00e0ixer l\u2019any 1999, ha estat dirigida des dels seus origens per Jordi Soler i ja va aconseguir el primer premi del Certamen de Bandes de la Diputaci\u00f3 en 2011 i en 2018.<\/p>\n<p><img loading=\"lazy\" decoding=\"async\" class=\"aligncenter size-large wp-image-12780\" src=\"https:\/\/fsmcv.org\/BTnet-storage\/wp-uploads\/2019\/05\/Tot-per-la-mu\u0301sica-Ontinyent-2n-premi_Foto-Bau\u0301l-de-fotos-1024x768.jpeg\" alt=\"\" width=\"1024\" height=\"768\" title=\"\"><\/p>\n<p style=\"text-align: center;\"><em>Associaci\u00f3 Cultural Tot per la M\u00fasica d\u2019Ontinyent<\/em><\/p>\n<p>Per tancar les actuacions de la vesprada, va actuar com a banda convidada i sota la batuta de Vicent P\u00e9rez i Esteban (Coleto) la Societat Musical del Pa\u00eds Valenci\u00e0 a Barcelona, m\u00e9s coneguda com <em>La Valenciana<\/em>, que va interpretar temes com ara <em>Mi Barcelona<\/em>, de Julio Laporta Hell\u00edn; <em>Euphoric City<\/em>, de Carlos Pellicer; <em>Estellesiana<\/em>, de J. E. Canet; o <em>Penya Cadell<\/em>, de Francisco Esteve Pastor.<\/p>\n<h3>Secci\u00f3 Primera<\/h3>\n<p>La Banda Juvenil de la SMI Santa Cecilia de Cullera, sota la direcci\u00f3 d\u2019Enrique Sapi\u00f1a Garc\u00eda, va ser l\u2019encarregada d\u2019inaugurar la jornada del diumenge 19 de maig. Els de la Ribera competien en la Secci\u00f3 Primera, on van aconseguir el primer premi amb menci\u00f3 d\u2019honor de la categoria amb la interpretaci\u00f3 de les peces <em>Los cuatro jinetes del apocalipsis, <\/em>d\u2019Hugo Chinesta; <em>Siempre noble y liberal<\/em>, de Jos\u00e9 Luis Peir\u00f3; i <em>La batalla de Rande (Sinfon\u00eda 2)<\/em>, de Juan Gonzalo G\u00f3mez Deval. Van sumar fins a 356,5 punts.<\/p>\n<p>La Banda Juvenil de la SMI Santa Cecilia de Cullera, a punt de celebrar el seu 40\u00e9 aniversari, va ser fundada en 1979 i est\u00e0 dirigida per Enrique Sapi\u00f1a des del 2013. L\u2019agrupaci\u00f3 musical ja va participar, l\u2019any 1990, en el Certamen de Bandes de la Diputaci\u00f3, on tamb\u00e9 s\u2019al\u00e7\u00e0 amb el primer premi i la menci\u00f3 d\u2019honor.<\/p>\n<p><img loading=\"lazy\" decoding=\"async\" class=\"aligncenter size-large wp-image-12783\" src=\"https:\/\/fsmcv.org\/BTnet-storage\/wp-uploads\/2019\/05\/Banda-Juvenil-de-la-SMI-Santa-Ceci\u0301lia-de-Cullera_Foto-de-Bauldefotos-1024x683.jpg\" alt=\"\" width=\"1024\" height=\"683\" title=\"\"><\/p>\n<p style=\"text-align: center;\"><em>Banda Juvenil de la SMI Santa Ceci\u0301lia de Cullera<\/em><\/p>\n<h3>Secci\u00f3 Especial<\/h3>\n<p>A continuaci\u00f3 va estar el torn del Centre Art\u00edstic Musical Santa Cec\u00edlia de Foios, dirigit per Jos\u00e9 Mart\u00ednez Colomina, que competia en la Secci\u00f3 Especial. La banda de Foios va interpretar l\u2019obra obligat\u00f2ria de la categoria, <em>1889 la Filarm\u00f3nica<\/em>, de Jos\u00e9 Salvador Gonz\u00e1lez Moreno; a m\u00e9s del pasdoble <em>Mar\u00eda Teresa Medina<\/em>, de Javier Art\u00e9s Arlandis, i l\u2019obra de lliure elecci\u00f3 <em>El jard\u00edn de las Hesp\u00e9rides<\/em>, de Jos\u00e9 S\u00fa\u00f1er Oriola.<\/p>\n<p>Gr\u00e0cies a la seua interpretaci\u00f3, els m\u00fasics i m\u00fasiques del Centre Art\u00edstic Musical Santa Cec\u00edlia de Foios es van al\u00e7ar amb el primer premi amb menci\u00f3 d\u2019honor i 359,5 punts. El Centre Art\u00edstic Musical Santa Cec\u00edlia de Foios, fundat l\u2019any 1921, compta, actualment, amb una escola de 160 alumnes i m\u00e9s de 800 socis i s\u00f2cies. Des del 2017 est\u00e0 dirigida per Jos\u00e9 Mart\u00ednez Colomina.<\/p>\n<p><img loading=\"lazy\" decoding=\"async\" class=\"aligncenter size-large wp-image-12784\" src=\"https:\/\/fsmcv.org\/BTnet-storage\/wp-uploads\/2019\/05\/Centre-Santa-Ceci\u0301lia-de-Foios_Foto-de-Bauldefotos-1024x681.jpg\" alt=\"\" width=\"1024\" height=\"681\" title=\"\"><\/p>\n<p style=\"text-align: center;\"><em>Centre Art\u00edstic Musical Santa Ceci\u0301lia de Foios<\/em><\/p>\n<h3>Secci\u00f3 Tercera<\/h3>\n<p><em>\u00c1ngel Gil \u201cEl t\u00edo \u00c1ngel\u201d<\/em>, de Gabriel Sancho, i <em>El ritual del fuego<\/em>, de David Penad\u00e9s Fasanar, van ser les dues obres de lliure elecci\u00f3 interpretades per la Banda Joven de la Uni\u00f3n Musical Municipal de Godelleta. A m\u00e9s, tamb\u00e9 van interpretar la pe\u00e7a obligada per l\u2019organitzaci\u00f3 del certamen, totes elles sota la direcci\u00f3 de Vicente Reche Ruiz. Gr\u00e0cies al seu treball damunt de l\u2019escenari aconseguiren el primer premi i una menci\u00f3 d\u2019honor de la Secci\u00f3 Tercera amb 349\u20195 punts.<\/p>\n<p>Els escrits m\u00e9s antics trobats a l\u2019arxiu de la Uni\u00f3n Musical de Godelleta daten de 1859, una xifra destacable per a una agrupaci\u00f3 musical que, en l\u2019actualitat, compta amb m\u00e9s de 100 m\u00fasics i m\u00fasiques. La Banda Joven es va crear l\u2019any 1998 i est\u00e0 formada per 50 m\u00fasics i m\u00fasiques que estudien Ensenyament Professional en el conservatori de l\u2019Escola de M\u00fasica.<\/p>\n<p><img loading=\"lazy\" decoding=\"async\" class=\"aligncenter size-large wp-image-12787\" src=\"https:\/\/fsmcv.org\/BTnet-storage\/wp-uploads\/2019\/05\/Godellet_Foto-Baul-de-Fotos-1024x768.jpeg\" alt=\"\" width=\"1024\" height=\"768\" title=\"\"><\/p>\n<p style=\"text-align: center;\"><em>Uni\u00f3n Musical Municipal de Godelleta<\/em><\/p>\n<p>L\u2019Agrupaci\u00f3n Musical Carrera Fuente de San Luis, dirigida per D\u00eddac Bosch Alcaina, va interpretar el pasdoble <em>Ricardo Caballer<\/em>, de Jos\u00e9 Fernando Cuadrado Lloret, i l\u2019obra <em>Saxsuit<\/em>, d\u2019Andr\u00e9s Valero Castells, les quals els van atorgar el primer premi de la secci\u00f3 amb 320\u20195 punts.<\/p>\n<p>L\u2019Agrupaci\u00f3n Musical Carrera Fuente de San Luis va ser fundada l\u2019any 1986 per un grup de ve\u00efns amants de la m\u00fasica. En l\u2019actualitat consta d\u2019uns 60 m\u00fasics i m\u00fasiques, formats molts d\u2019ells i d\u2019elles al si de l\u2019Agrupaci\u00f3. La formaci\u00f3 ha participat en dues ocasions anteriors en el Certamen de Bandes de la Diputaci\u00f3, en 2014 i 2016, guanyat en ambdues ocasions el segon premi.<\/p>\n<p><img loading=\"lazy\" decoding=\"async\" class=\"aligncenter size-large wp-image-12786\" src=\"https:\/\/fsmcv.org\/BTnet-storage\/wp-uploads\/2019\/05\/Carrera-Fuente-de-San-Luis_-Foto-Baul-de-fotos-1024x768.jpeg\" alt=\"\" width=\"1024\" height=\"768\" title=\"\"><\/p>\n<p style=\"text-align: center;\"><em>Agrupaci\u00f3n Musical Carrera Fuente de San Luis<\/em><\/p>\n<p>La Uni\u00f3 Musical de Xeraco, encarregada d\u2019obrir la sessi\u00f3 de la vesprada del diumenge i sota la direcci\u00f3 de Juan Jos\u00e9 Mart\u00ed G\u00f3mez, va interpretar el pasdoble <em>Xeraco<\/em>, de Miguel Villar Gonz\u00e1lez, i l\u2019obra lliure <em>Firestorm<\/em>, de Stephen Bulia.<\/p>\n<p>La Banda de la Uni\u00f3 Musical Xeraco, que va guanyar el segon premi de la categoria amb 286 punts, inici\u00e0 la seua activitat en 1986 i, des del 2014, desenvolupa la seua activitat sota la direcci\u00f3 de Juan Jos\u00e9 Mart\u00ed G\u00f3mez. Els saforencs ja havien participat en el Certamen de Bandes de M\u00fasica de la Diputaci\u00f3 de Val\u00e8ncia.<\/p>\n<p><img loading=\"lazy\" decoding=\"async\" class=\"aligncenter size-large wp-image-12789\" src=\"https:\/\/fsmcv.org\/BTnet-storage\/wp-uploads\/2019\/05\/Xeraco_Foto-Baul-de-fotos-1024x768.jpeg\" alt=\"\" width=\"1024\" height=\"768\" title=\"\"><\/p>\n<p style=\"text-align: center;\"><em>Uni\u00f3 Musical de Xeraco<\/em><\/p>\n<p>La Societat Musical M\u00fasica Jove de Benimaclet es va fer c\u00e0rrec del pasdoble <em>Benimaclet en Festes<\/em>, de Xavier Zamorano Al\u00f3s, i la pe\u00e7a <em>Made in Val\u00e8ncia<\/em>, de diversos autors, gr\u00e0cies als quals van guanyar el segon premi de la Secci\u00f3 Tercera amb 282\u20195 punts. La banda valenciana va estar dirigida per Enrique Barrachina.<\/p>\n<p>1999 \u00e9s l\u2019any de naixement de la Banda M\u00fasica Jove de Benimaclet, que ja va participar en l\u2019edici\u00f3 de 2017 del Certamen de Bandes de M\u00fasica de la Diputaci\u00f3 de Val\u00e8ncia, on van obtenir un primer premi i una menci\u00f3 d\u2019honor. Tamb\u00e9 ho van fer en les edicions de 2011 i 2013, amb un segon i tercer premi, respectivament. Est\u00e0 dirigida des de 2012 per Enrique Barrachina.<\/p>\n<p><img loading=\"lazy\" decoding=\"async\" class=\"aligncenter size-large wp-image-12785\" src=\"https:\/\/fsmcv.org\/BTnet-storage\/wp-uploads\/2019\/05\/Benimaclet_Foto-Baul-de-fotosc\u0327-1024x768.jpeg\" alt=\"\" width=\"1024\" height=\"768\" title=\"\"><\/p>\n<p style=\"text-align: center;\"><em>Societat Musical M\u00fasica Jove de Benimaclet<\/em><\/p>\n<p>Per la seua banda, la Societat Joventut Musical de Quart de les Valls es va encarregar d\u2019interpretar el pasdoble <em>Beatriz Al\u00f3s<\/em>, de Rafael Dom\u00e9nech P\u00e9rez, i l\u2019obra <em>Armenian Dances (Part 1)<\/em>, d\u2019Alfred Reed. La banda del Camp de Morvedre va estar dirigida per Juan F. Plasencia Civera i va aconseguir un valu\u00f3s segon premi amb 272 punts.<\/p>\n<p>La Societat Joventut Musical de Quart de les Valls va ser fundada l\u2019any 1983 i ja va participar al Certamen de la Diputaci\u00f3, en l\u2019any 1991, on va aconseguir un tercer premi. En l\u2019actualitat compta amb una plantilla de 45 m\u00fasics i m\u00fasiques, els quals realitzen un excel\u00b7lent treball docent a la seua Escola de M\u00fasica.<\/p>\n<p><img loading=\"lazy\" decoding=\"async\" class=\"aligncenter size-large wp-image-12788\" src=\"https:\/\/fsmcv.org\/BTnet-storage\/wp-uploads\/2019\/05\/Quart-de-les-Valls_-Foto-Baul-de-fotos-1024x768.jpeg\" alt=\"\" width=\"1024\" height=\"768\" title=\"\"><\/p>\n<p style=\"text-align: center;\"><em>Societat Joventut Musical de Quart de les Valls<\/em><\/p>\n","protected":false},"excerpt":{"rendered":"<p>El 43\u00e9 Certamen de Bandes de M\u00fasica de la Diputaci\u00f3 de Val\u00e8ncia va tindre lloc els dies 18 i 19 de maig al Palau de la Musica de Val\u00e8ncia.<\/p>\n","protected":false},"author":2,"featured_media":0,"comment_status":"closed","ping_status":"closed","sticky":false,"template":"","format":"standard","meta":{"footnotes":""},"categories":[234],"tags":[],"class_list":["post-12774","post","type-post","status-publish","format-standard","hentry","category-certamens"],"_links":{"self":[{"href":"https:\/\/fsmcv.org\/vl\/wp-json\/wp\/v2\/posts\/12774","targetHints":{"allow":["GET"]}}],"collection":[{"href":"https:\/\/fsmcv.org\/vl\/wp-json\/wp\/v2\/posts"}],"about":[{"href":"https:\/\/fsmcv.org\/vl\/wp-json\/wp\/v2\/types\/post"}],"author":[{"embeddable":true,"href":"https:\/\/fsmcv.org\/vl\/wp-json\/wp\/v2\/users\/2"}],"replies":[{"embeddable":true,"href":"https:\/\/fsmcv.org\/vl\/wp-json\/wp\/v2\/comments?post=12774"}],"version-history":[{"count":0,"href":"https:\/\/fsmcv.org\/vl\/wp-json\/wp\/v2\/posts\/12774\/revisions"}],"wp:attachment":[{"href":"https:\/\/fsmcv.org\/vl\/wp-json\/wp\/v2\/media?parent=12774"}],"wp:term":[{"taxonomy":"category","embeddable":true,"href":"https:\/\/fsmcv.org\/vl\/wp-json\/wp\/v2\/categories?post=12774"},{"taxonomy":"post_tag","embeddable":true,"href":"https:\/\/fsmcv.org\/vl\/wp-json\/wp\/v2\/tags?post=12774"}],"curies":[{"name":"wp","href":"https:\/\/api.w.org\/{rel}","templated":true}]}}