{"id":12794,"date":"2019-05-20T13:07:14","date_gmt":"2019-05-20T11:07:14","guid":{"rendered":"https:\/\/fsmcv.org\/?post_type=fsmcv-noticias&#038;p=12794"},"modified":"2021-09-30T10:53:36","modified_gmt":"2021-09-30T08:53:36","slug":"x-curso-direccion-orquestra-ciudad-requena-i-concurs-maestro-collado-orquesta-filarmonica-requena","status":"publish","type":"post","link":"https:\/\/fsmcv.org\/vl\/area-educativa-vl\/xarxa-centres-educatius\/x-curso-direccion-orquestra-ciudad-requena-i-concurs-maestro-collado-orquesta-filarmonica-requena\/","title":{"rendered":"X Curs de Direcci\u00f3 d&#8217;Orquestra \u00abCiutat de Requena\u00bb i I Concurs Mestre Collado de l&#8217;Orquestra Filharm\u00f2nica de Requena"},"content":{"rendered":"<p>L&#8217;Orquestra Filharm\u00f2nica de Requena organitza la X edici\u00f3 del curs de Direcci\u00f3 d&#8217;Orquestra \u00abCiudad de Requena\u00bb i convoca la I edici\u00f3 del Concurs Maestro Collado que se celebrar\u00e0 del 22 al 26 de juliol en el municipi.<\/p>\n<h3>X Curs de Direcci\u00f3 d&#8217;Orquestra \u00abCiudad de Requena\u00bb<\/h3>\n<p>El curs, centrat en el simfonisme de Mahler, est\u00e0 destinat a aquells i aquelles m\u00fasics i m\u00fasiques que senten la necessitat de con\u00e9ixer de prop com \u00e9s el m\u00f3n de la direcci\u00f3 d&#8217;orquestra, adaptant-se als diferents nivells per a optimitzar els resultats (directora\/es professionals, amateurs, estudiants de direcci\u00f3&#8230;).<\/p>\n<p>En ell es treballaran diversos aspectes, com la figura del director\/a, qu\u00e8 \u00e9s i per a qu\u00e8 serveix la t\u00e8cnica, les estrat\u00e8gies d&#8217;assaig, la import\u00e0ncia d&#8217;una bona programaci\u00f3, o el com enfrontar-se a una partitura.<\/p>\n<p>&#8211; Concert clausura o sessi\u00f3 d&#8217;enregistrament en el Teatre Principal de Requena: a convindre entre alumnat i el mestre.<br \/>\n&#8211; Obra d&#8217;estudi i programa de concert: SINFONIA No 1 en Re M, <em>Tit\u00e1n<\/em>, de Gustav Mahler.<br \/>\n&#8211; Preu:<br \/>\n* Alumnat actiu: 600\u20ac. El 50% \u00e9s subvencionat per la Fundaci\u00f3n Ciudad de Requena, per la qual cosa l&#8217;alumnat nom\u00e9s haur\u00e0 d&#8217;abonar 300\u20ac.<br \/>\n* Alumnat o\u00efdor: 100\u20ac.<br \/>\n&#8211; N\u00famero d&#8217;alumnes: l\u00edmit de 10 alumnes actius\/ves (il\u00b7limitat el nombre d&#8217;o\u00efdors).<\/p>\n<p>L&#8217;alumnat ha d&#8217;emplenar la matr\u00edcula d&#8217;inscripci\u00f3 que es troba en el document adjunt al final d&#8217;aquesta not\u00edcia. Haur\u00e0 d&#8217;aportar a m\u00e9s el seu curr\u00edculum, en el qual s&#8217;indique la seua experi\u00e8ncia com a director o un resum de la seua experi\u00e8ncia professional musical. Aquesta documentaci\u00f3 ser\u00e0 remesa a la direcci\u00f3 de correu: <a href=\"mailto:orquestafilarmonicaderequena@gmail.com\" target=\"_blank\" rel=\"noopener noreferrer\">orquestafilarmonicaderequena@gmail.com<\/a><\/p>\n<p>La reserva d&#8217;inscripci\u00f3 del curs \u00e9s de 60 \u20ac que es pagaran en el seg\u00fcent compte: IBAN-ES50 3058 7001 11 2720006393 indicant el nom del cursetista i especificant el concepte de \u201ccurs de direcci\u00f3\u201d.<\/p>\n<p>IMPORTANT: La resta del pagament es realitzar\u00e0 despr\u00e9s de l&#8217;inici de les classes una vegada que s&#8217;haja establit el grup. L&#8217;organitzaci\u00f3 indicar\u00e0 com s&#8217;efectuar\u00e0 el pagament d&#8217;aquest.<\/p>\n<h3>I Concurs Maestro Collado<\/h3>\n<p>L&#8217;Orquestra Filharm\u00f2nica de la Fundaci\u00f3 Ciutat de Requena celebra la primera edici\u00f3 del Concurs \u201cMaestro Collado\u201d de Direcci\u00f3 d&#8217;Orquestra, amb el qual, comptant amb el benepl\u00e0cit de la fam\u00edlia, es vol homenatjar el reconegut director d&#8217;orquestra.<\/p>\n<p>Un tribunal compost pels integrants de l&#8217;orquestra, membres convidats del m\u00f3n simf\u00f2nic per l&#8217;organitzaci\u00f3 i el propi mestre, triar\u00e0 a l&#8217;alumne o alumna, que a criteri del mateix i despr\u00e9s de votaci\u00f3, haja realitzat el millor curs. En cas d&#8217;empat, ser\u00e0 el mestre el que donar\u00e0 el vot definitiu.<\/p>\n<p>El premi consistir\u00e0 en el seu nomenament com a director\/a assistent del concert que realitzar\u00e0 l&#8217;\u201cOrquestra Filharm\u00f2nica de Requena\u201d el 25 d&#8217;agost, aix\u00ed com durant l&#8217;any vigent. A m\u00e9s, realitzar\u00e0 un concert com a director\/a convidat\/da amb l&#8217;Orquestra que tindr\u00e0 lloc el 17 de novembre (repertori que seleccionar\u00e0 el mestre).<\/p>\n<p>Al guanyador o guanyadora se li expedir\u00e0 un certificat que aix\u00ed ho acredite.<\/p>\n<h3>Documentaci\u00f3<\/h3>\n<p><a href=\"https:\/\/fsmcv.org\/BTnet-storage\/wp-uploads\/2019\/05\/Informacio\u0301n-e-inscripcio\u0301n-del-Curso-2019.pdf\" target=\"_blank\" rel=\"noopener noreferrer\">Descarrega el document informatiu i el full d&#8217;inscripci\u00f3. [PDF]<\/a><\/p>\n","protected":false},"excerpt":{"rendered":"<p>El X Curs i I Concurs se celebraran del 22 al 26 de juliol a Requena. El premi del concurs consistir\u00e0 en el nomenament del guanyador\/a com a director\/a assistent del concert que realitzar\u00e0 l&#8217;Orquestra Filharm\u00f2nica de Requena el 25 d&#8217;agost.<\/p>\n","protected":false},"author":2,"featured_media":0,"comment_status":"closed","ping_status":"closed","sticky":false,"template":"","format":"standard","meta":{"footnotes":""},"categories":[164],"tags":[],"class_list":["post-12794","post","type-post","status-publish","format-standard","hentry","category-xarxa-centres-educatius"],"_links":{"self":[{"href":"https:\/\/fsmcv.org\/vl\/wp-json\/wp\/v2\/posts\/12794","targetHints":{"allow":["GET"]}}],"collection":[{"href":"https:\/\/fsmcv.org\/vl\/wp-json\/wp\/v2\/posts"}],"about":[{"href":"https:\/\/fsmcv.org\/vl\/wp-json\/wp\/v2\/types\/post"}],"author":[{"embeddable":true,"href":"https:\/\/fsmcv.org\/vl\/wp-json\/wp\/v2\/users\/2"}],"replies":[{"embeddable":true,"href":"https:\/\/fsmcv.org\/vl\/wp-json\/wp\/v2\/comments?post=12794"}],"version-history":[{"count":0,"href":"https:\/\/fsmcv.org\/vl\/wp-json\/wp\/v2\/posts\/12794\/revisions"}],"wp:attachment":[{"href":"https:\/\/fsmcv.org\/vl\/wp-json\/wp\/v2\/media?parent=12794"}],"wp:term":[{"taxonomy":"category","embeddable":true,"href":"https:\/\/fsmcv.org\/vl\/wp-json\/wp\/v2\/categories?post=12794"},{"taxonomy":"post_tag","embeddable":true,"href":"https:\/\/fsmcv.org\/vl\/wp-json\/wp\/v2\/tags?post=12794"}],"curies":[{"name":"wp","href":"https:\/\/api.w.org\/{rel}","templated":true}]}}