{"id":12819,"date":"2019-05-22T14:28:11","date_gmt":"2019-05-22T12:28:11","guid":{"rendered":"https:\/\/fsmcv.org\/?post_type=fsmcv-noticias&#038;p=12819"},"modified":"2021-03-26T13:20:34","modified_gmt":"2021-03-26T12:20:34","slug":"abierta-convocatoria-ii-premios-bankia-talento-musical-fsmcv-ivc","status":"publish","type":"post","link":"https:\/\/fsmcv.org\/vl\/noticies-campanyes\/premis-caixabank-al-talent-musical-en-la-comunitat-valenciana\/abierta-convocatoria-ii-premios-bankia-talento-musical-fsmcv-ivc\/","title":{"rendered":"Oberta la convocat\u00f2ria dels II Premis Bankia al talent musical que promouen Bankia, la FSMCV i l&#8217;IVC"},"content":{"rendered":"<p>Els II Premis Bankia al Talent Musical en la Comunitat Valenciana obrin el termini per a la presentaci\u00f3 de candidatures. La Federaci\u00f3 de Societats Musicals de la Comunitat Valenciana, amb la col\u00b7laboraci\u00f3 de Bankia i de l&#8217;Institut Valenci\u00e0 de Cultura convoca, organitza i posa en marxa aquesta II edici\u00f3, l&#8217;objectiu de la qual \u00e9s donar suport al desenvolupament de la societat valenciana a trav\u00e9s del reconeixement a les persones i entitats que estan duent a terme projectes d&#8217;excel\u00b7l\u00e8ncia de refer\u00e8ncia nacional i internacional en els diferents \u00e0mbits de la m\u00fasica.<\/p>\n<p>Aquestos guardons compten amb cinc categories: \u2018Premi al m\u00fasic valenci\u00e0\u2019, \u2018Premi a la Formaci\u00f3 Musical Valenciana de car\u00e0cter professional\u2019, \u2018Premi a l&#8217;investigador valenci\u00e0\u2019, \u2018Premi al projecte educatiu Musical\u2019, i \u2018Premi a l&#8217;activitat empresarial o emprenedora relacionada amb la m\u00fasica\u2019.<\/p>\n<p>La periodicitat d&#8217;aquestos premis \u00e9s biennal, sent la primera edici\u00f3 en 2017. L&#8217;import del premi en cadascuna de les cinc categories ascendeix a 20.000 euros.<\/p>\n<h3>Presentaci\u00f3 de candidatures<\/h3>\n<p><strong>El termini per a la presentaci\u00f3 de les candidatures finalitzar\u00e0 el 30 juny de 2019<\/strong>.<\/p>\n<p>Les sol\u00b7licituds, segons el model oficial, s&#8217;enviaran per correu electr\u00f2nic al seg\u00fcent email: <a href=\"mailto:premiosbankiadelamusica@fsmcv.org\">premiosbankiadelamusica@fsmcv.org<\/a>. La FSMCV confirmar\u00e0 als sol\u00b7licitants la recepci\u00f3 de la sol\u00b7licitud i la documentaci\u00f3 adjunta a ella abans que finalitze el termini d&#8217;inscripci\u00f3.<\/p>\n<h3>Categories dels premis<\/h3>\n<p>\u2013 El \u2018<strong>Premi al m\u00fasic\/a valenci\u00e0\/na<\/strong>\u2019 premiar\u00e0 a un m\u00fasic professional valenci\u00e0 que desenvolupe una tasca rellevant en mat\u00e8ria musical ja siga en l&#8217;\u00e0mbit nacional o internacional. Aix\u00ed, el premi es dirigeix a int\u00e8rprets, directors, compositors, docents o m\u00fasics que desenvolupen la seua activitat en un o m\u00e9s \u00e0mbits musicals. Es valorar\u00e0 tamb\u00e9 el seu curr\u00edculum, traject\u00f2ria, rellev\u00e0ncia i potencialitat.<\/p>\n<p>\u2013 El \u2018<strong>Premi a la Formaci\u00f3 Musical Valenciana de car\u00e0cter professional<\/strong>\u2019 reconeixer\u00e0 a un conjunt instrumental o vocal. El grup haur\u00e0 de tindre un m\u00ednim de tres components, a m\u00e9s de personalitat jur\u00eddica pr\u00f2pia, no dependre de cap administraci\u00f3 i ser resident a la Comunitat Valenciana. El jurat tamb\u00e9 valorar\u00e0 la seua traject\u00f2ria, la rellev\u00e0ncia nacional i internacional i la projecci\u00f3 professional.<\/p>\n<p>\u2013 El \u2018<strong>Premi a l&#8217;investigador valenci\u00e0<\/strong>\u2019 premiar\u00e0 a un investigador que haja realitzat reflexions, innovacions o aportacions relacionades amb la m\u00fasica en qualsevol terreny com, per exemple, l&#8217;educaci\u00f3, cultura, sociologia, hist\u00f2ria, economia, etc. El jurat tamb\u00e9 valorar\u00e0 els treballs d&#8217;investigaci\u00f3 com ara tesis doctorals o treballs de fi de m\u00e0ster, i qualsevol publicaci\u00f3 o projecte editorial. Tamb\u00e9 es tindr\u00e0 en compte la rellev\u00e0ncia, el rigor cient\u00edfic, l&#8217;originalitat, i la potencial capacitat de l&#8217;estudi per a transformar o millorar l&#8217;ecosistema musical.<\/p>\n<p>\u2013 El \u2018<strong>Premi al Projecte Educatiu Musical<\/strong>\u2019 s&#8217;atorgar\u00e0 a un centre educatiu valenci\u00e0 que desenvolupe un projecte educatiu innovador relacionat amb l&#8217;educaci\u00f3 musical en qualsevol \u00e0rea, ja siga per l&#8217;elaboraci\u00f3 de materials did\u00e0ctics o per la utilitzaci\u00f3 de la m\u00fasica com a eina per a la millora d&#8217;oportunitats per als estudiants. Podr\u00e0 optar a aquesta modalitat qualsevol centre educatiu de titularitat p\u00fablica o privada que impartisca ensenyaments reglats o no reglats. No obstant aix\u00f2, no poden participar projectes educatius universitaris o de postgrau ni pertanyents a centres d&#8217;ensenyaments art\u00edstics superiors.<\/p>\n<p>\u2013 El \u2018<strong>Premi a l&#8217;Activitat Empresarial o emprenedora relacionada amb la m\u00fasica<\/strong>\u2019 est\u00e0 dirigit a qualsevol entitat jur\u00eddica privada o persona f\u00edsica situada a la Comunitat Valenciana i que duga a terme una activitat empresarial relacionada amb els diferents \u00e0mbits de la m\u00fasica. El jurat tindr\u00e0 en compte a l&#8217;hora de valorar la candidatura la seua traject\u00f2ria, la seua dimensi\u00f3 innovadora i la seua capacitat per a satisfer les demandes de la societat.<\/p>\n<p>Les candidatures presentades seran valorades i seleccionades per un jurat format per personalitats rellevants del m\u00f3n de la cultura i les institucions culturals, que ser\u00e0 presidit per la presidenta de la FSMCV.<\/p>\n<h3>Documentaci\u00f3 exigida en cada modalitat<\/h3>\n<p>La documentaci\u00f3 que es presentar\u00e0 en cadascuna de les modalitats ser\u00e0 la seg\u00fcent:<\/p>\n<p><strong>Premi al M\u00fasic\/a Valenci\u00e0\/na<\/strong><\/p>\n<p>1. Sol\u00b7licitud segons el model publicat en la p\u00e0gina web <a href=\"http:\/\/www.bankiaescoltavalencia.es\/val\/premi\/index.html\" target=\"_blank\" rel=\"noopener\">http:\/\/www.bankiaescoltavalencia.es\/val\/premi\/index.html<\/a> que trobar\u00e0 tamb\u00e9 al final d&#8217;aquesta not\u00edcia.<\/p>\n<p>2. Dades personals completes de la persona aspirant. Si la candidatura la presenta una persona f\u00edsica o jur\u00eddica diferent haur\u00e0 d&#8217;adjuntar escrit de conformitat de la persona proposada al Premi segons model publicat en la convocat\u00f2ria.<\/p>\n<p>3. Curriculum vitae que no excedisca de cinc p\u00e0gines a una sola cara, que reflectisca els m\u00e8rits i la traject\u00f2ria del candidat\/a.<\/p>\n<p>4. Material Justificatiu adjunt que es considere adequat per a sustentar la candidatura: enregistraments, publicacions, cr\u00edtiques professionals, cartes d&#8217;adhesi\u00f3, etc. (Opcional)<\/p>\n<p><strong>Premi a la Formaci\u00f3 Musical Valenciana de car\u00e0cter professional<\/strong><\/p>\n<p>1. Sol\u00b7licitud segons el model publicat en la p\u00e0gina web <a href=\"http:\/\/www.bankiaescoltavalencia.es\/val\/premi\/index.html\" target=\"_blank\" rel=\"noopener noreferrer\">http:\/\/www.bankiaescoltavalencia.es\/val\/premi\/index.html<\/a> que trobar\u00e0 tamb\u00e9 al final d&#8217;aquesta not\u00edcia.<\/p>\n<p>2. Dades completes de la formaci\u00f3 i persona o persones que ostenten la titularitat de la formaci\u00f3. Si la candidatura la presenta una altra persona f\u00edsica o jur\u00eddica diferent, haur\u00e0 d&#8217;adjuntar escrit de conformitat de l&#8217;entitat proposada al Premi segons model publicat en la convocat\u00f2ria.<\/p>\n<p>3. Curriculum vitae que no excedisca de cinc p\u00e0gines a una sola cara que reflectisca els m\u00e8rits i la traject\u00f2ria de la formaci\u00f3.<\/p>\n<p>4. Material justificatiu adjunt que es considere adequat per a sustentar la candidatura: enregistraments, publicacions, cr\u00edtiques professionals, cartes d&#8217;adhesi\u00f3, etc. (Opcional)<\/p>\n<p><strong>Premi a l&#8217;investigador\/a relacionat\/da amb l&#8217;activitat musical<\/strong><\/p>\n<p>1. Sol\u00b7licitud segons el model publicat en la p\u00e0gina web <a href=\"http:\/\/www.bankiaescoltavalencia.es\/val\/premi\/index.html\" target=\"_blank\" rel=\"noopener noreferrer\">http:\/\/www.bankiaescoltavalencia.es\/val\/premi\/index.html<\/a> que trobar\u00e0 tamb\u00e9 al final d&#8217;aquesta not\u00edcia.<\/p>\n<p>2. Dades completes de la persona. Si la candidatura la presenta una altra persona f\u00edsica o jur\u00eddica diferent, haur\u00e0 d&#8217;adjuntar escrit de conformitat del candidat proposat al Premi segons model publicat en la convocat\u00f2ria.<\/p>\n<p>3. Curriculum vitae que no excedisca de cinc p\u00e0gines a una sola cara que reflectisca els m\u00e8rits i la traject\u00f2ria de l&#8217;investigador\/a.<\/p>\n<p>4. Informe o mem\u00f2ria explicativa que no excedisca de cinc p\u00e0gines a una sola cara que reflectisca els m\u00e8rits, les caracter\u00edstiques de la investigaci\u00f3 i la traject\u00f2ria de l&#8217;aspirant.<\/p>\n<p>5. Material justificatiu adjunt que es considere adequat per a sustentar la candidatura: publicacions, cartes d&#8217;adhesi\u00f3, etc. (Opcional)<\/p>\n<p><strong>Premi al Projecte Educatiu Musical<\/strong><\/p>\n<p>1. Sol\u00b7licitud segons el model publicat en la p\u00e0gina web <a href=\"http:\/\/www.bankiaescoltavalencia.es\/val\/premi\/index.html\" target=\"_blank\" rel=\"noopener noreferrer\">http:\/\/www.bankiaescoltavalencia.es\/val\/premi\/index.html<\/a> que trobar\u00e0 tamb\u00e9 al final d&#8217;aquesta not\u00edcia.<\/p>\n<p>2. Dades completes del director o directora del centre i, en el cas de centres privats, del titular. Els centres p\u00fablics hauran d&#8217;adjuntar certificat de l&#8217;acord del Consell Escolar aprovant la participaci\u00f3 en aquestos Premis i la conformitat de l&#8217;Administraci\u00f3 titular.<\/p>\n<p>3. Mem\u00f2ria explicativa del projecte educatiu que no excedisca de deu p\u00e0gines a una sola cara.<\/p>\n<p>4. Material justificatiu adjunt que es considere adequat per a sustentar la candidatura: audiovisuals, publicacions, cartes d&#8217;adhesions, etc. (Opcional)<\/p>\n<p><strong>Premi a l&#8217;Activitat Empresarial o emprenedora relacionada amb la m\u00fasica<\/strong><\/p>\n<p>1. Sol\u00b7licitud segons el model publicat en la p\u00e0gina web <a href=\"http:\/\/www.bankiaescoltavalencia.es\/val\/premi\/index.html\" target=\"_blank\" rel=\"noopener noreferrer\">http:\/\/www.bankiaescoltavalencia.es\/val\/premi\/index.html<\/a> que trobar\u00e0 tamb\u00e9 al final d&#8217;aquesta not\u00edcia.<\/p>\n<p>2. Dades completes de la persona titular de l&#8217;empresa o representant legal. Si la candidatura la presenta una altra persona f\u00edsica o jur\u00eddica diferent haur\u00e0 d&#8217;adjuntar escrit de conformitat de l&#8217;entitat o persona proposada al Premi segons model publicat en la convocat\u00f2ria.<\/p>\n<p>3. Mem\u00f2ria i\/o Curriculum vitae que no excedisca cinc p\u00e0gines a una sola cara, que reflectisca els m\u00e8rits i la traject\u00f2ria de l&#8217;aspirant i un informe o mem\u00f2ria explicativa que descriga l&#8217;activitat empresarial i que no excedisca de cinc p\u00e0gines.<\/p>\n<p>4. Material justificatiu adjunt que es considere adequat per a sustentar la candidatura: material audiovisual, publicacions, cartes d&#8217;adhesi\u00f3, etc. (Opcional)<\/p>\n<p>El Jurat es reserva el dret de sol\u00b7licitar als candidats la informaci\u00f3 addicional necess\u00e0ria, i per la via que considere (entrevista personal, consulta telef\u00f2nica o per mitjans electr\u00f2nics) per a aclarir qualsevol aspecte relacionat amb els continguts dels informes i la seua relaci\u00f3 amb els objectius dels premis.<\/p>\n<h3>Bases completes de la convocat\u00f2ria i documentaci\u00f3<\/h3>\n<p>Pot consultar les bases completes de la convocat\u00f2ria i tota la documentaci\u00f3 a presentar en el seg\u00fcent enlla\u00e7 de la web de Bankia Escolta Val\u00e8ncia: <a href=\"http:\/\/www.bankiaescoltavalencia.es\/val\/premi\/index.html\" target=\"_blank\" rel=\"noopener noreferrer\">http:\/\/www.bankiaescoltavalencia.es\/val\/premi\/index.html<\/a><\/p>\n","protected":false},"excerpt":{"rendered":"<p>El termini per a la presentaci\u00f3 de les candidatures finalitzar\u00e0 el 30 juny de 2019.<\/p>\n","protected":false},"author":2,"featured_media":0,"comment_status":"closed","ping_status":"closed","sticky":false,"template":"","format":"standard","meta":{"footnotes":""},"categories":[34],"tags":[],"class_list":["post-12819","post","type-post","status-publish","format-standard","hentry","category-premis-caixabank-al-talent-musical-en-la-comunitat-valenciana"],"_links":{"self":[{"href":"https:\/\/fsmcv.org\/vl\/wp-json\/wp\/v2\/posts\/12819","targetHints":{"allow":["GET"]}}],"collection":[{"href":"https:\/\/fsmcv.org\/vl\/wp-json\/wp\/v2\/posts"}],"about":[{"href":"https:\/\/fsmcv.org\/vl\/wp-json\/wp\/v2\/types\/post"}],"author":[{"embeddable":true,"href":"https:\/\/fsmcv.org\/vl\/wp-json\/wp\/v2\/users\/2"}],"replies":[{"embeddable":true,"href":"https:\/\/fsmcv.org\/vl\/wp-json\/wp\/v2\/comments?post=12819"}],"version-history":[{"count":0,"href":"https:\/\/fsmcv.org\/vl\/wp-json\/wp\/v2\/posts\/12819\/revisions"}],"wp:attachment":[{"href":"https:\/\/fsmcv.org\/vl\/wp-json\/wp\/v2\/media?parent=12819"}],"wp:term":[{"taxonomy":"category","embeddable":true,"href":"https:\/\/fsmcv.org\/vl\/wp-json\/wp\/v2\/categories?post=12819"},{"taxonomy":"post_tag","embeddable":true,"href":"https:\/\/fsmcv.org\/vl\/wp-json\/wp\/v2\/tags?post=12819"}],"curies":[{"name":"wp","href":"https:\/\/api.w.org\/{rel}","templated":true}]}}