{"id":12861,"date":"2019-05-27T10:00:49","date_gmt":"2019-05-27T08:00:49","guid":{"rendered":"https:\/\/fsmcv.org\/?post_type=fsmcv-noticias&#038;p=12861"},"modified":"2021-04-07T13:55:46","modified_gmt":"2021-04-07T11:55:46","slug":"banda-primitiva-lliria-recupera-zarzuela-representacion-la-del-manojo-de-rosas","status":"publish","type":"post","link":"https:\/\/fsmcv.org\/vl\/societats-musicals\/banda-primitiva-lliria-recupera-zarzuela-representacion-la-del-manojo-de-rosas\/","title":{"rendered":"La Banda Primitiva recupera la sarsuela amb la representaci\u00f3 de &#8220;La del manojo de rosas&#8221;"},"content":{"rendered":"<p>La Banda Primitiva de Ll\u00edria recupera el g\u00e8nere de la sarsuela en els actes de commemoraci\u00f3 del bicentenari, amb l&#8217;estrena d&#8217;una nova versi\u00f3 de \u201cLa del manojo de rosas\u201d, que torna al teatre del Clar\u00edn 20 anys despr\u00e9s de la seua \u00faltima representaci\u00f3. En esta ocasi\u00f3, es realitzaran dos representacions: el dissabte 1 de juny, a les 22.30 hores; i el diumenge 2 de juny, a les 18.30 hores.<\/p>\n<p>Les entrades estan ja a la venda en la secretaria de la societat a un preu de 10 euros, encara que les persones s\u00f2cies tindran un preu especial de 8 euros, sempre que entreguen el cup\u00f3 de descompte corresponent. A m\u00e9s, es poden realitzar reserves al tel\u00e8fon 619.093.971 o al correu electr\u00f2nic <a href=\"mailto:secretaria@bandaprimitiva.org\" target=\"_blank\" rel=\"noopener noreferrer\">secretaria@bandaprimitiva.org<\/a>.<\/p>\n<p>La nova versi\u00f3 de \u201cLa del manojo de rosas\u201d compta amb la participaci\u00f3 de la Coral Polif\u00f2nica Primitiva, el grup de Teatre i la banda, que ser\u00e0 l&#8217;encarregada d&#8217;interpretar la m\u00fasica en directe en el fossat. La representaci\u00f3 compta amb la direcci\u00f3 art\u00edstica de Paco Ib\u00e1\u00f1ez i la direcci\u00f3 musical de Javier Engu\u00eddanos. Per la seua part, els papers protagonistes estaran interpretats per la soprano Ruth de Reyes, el tenor Manuel Valero i el bar\u00edton Vicente Antequera.<\/p>\n<p>\u201c<em>Estem molt il\u00b7lusionats per recuperar la sarsuela perqu\u00e8 \u00e9s part de la hist\u00f2ria del Clar\u00edn<\/em>\u201d ha declarat el president de la societat, Jos\u00e9 Luis P\u00e9rez Veses. \u201c<em>Feia molts anys que no s&#8217;havia programat una sarsuela i, en un any tan especial com este, cr\u00e8iem que era imprescindible apostar per un projecte aix\u00ed<\/em>\u201d.<\/p>\n<p>\u201cLa del manojo de rosas\u201d narra la hist\u00f2ria de la jove Ascensi\u00f3n, que regenta una floristeria que porta el mateix nom que la pe\u00e7a. En la mateixa pla\u00e7a, se situa un taller mec\u00e0nic, on treballa Joaqu\u00edn, un jove de l&#8217;alta societat madrilenya, que aconsegueix el treball de mec\u00e0nic per a enamorar a la florista, que pret\u00e9n formar una fam\u00edlia d&#8217;ascend\u00e8ncia humil. Tot salta per l&#8217;aire quan ella ho descobreix.<\/p>\n","protected":false},"excerpt":{"rendered":"<p>La representaci\u00f3 ser\u00e0 els dies 1 i 2 de juny. Entrades ja a la venda en la secretaria de la societat (reserves per tel\u00e8fon o via correu electr\u00f2nic).<\/p>\n","protected":false},"author":2,"featured_media":0,"comment_status":"closed","ping_status":"closed","sticky":false,"template":"","format":"standard","meta":{"footnotes":""},"categories":[56],"tags":[],"class_list":["post-12861","post","type-post","status-publish","format-standard","hentry","category-societats-musicals"],"_links":{"self":[{"href":"https:\/\/fsmcv.org\/vl\/wp-json\/wp\/v2\/posts\/12861","targetHints":{"allow":["GET"]}}],"collection":[{"href":"https:\/\/fsmcv.org\/vl\/wp-json\/wp\/v2\/posts"}],"about":[{"href":"https:\/\/fsmcv.org\/vl\/wp-json\/wp\/v2\/types\/post"}],"author":[{"embeddable":true,"href":"https:\/\/fsmcv.org\/vl\/wp-json\/wp\/v2\/users\/2"}],"replies":[{"embeddable":true,"href":"https:\/\/fsmcv.org\/vl\/wp-json\/wp\/v2\/comments?post=12861"}],"version-history":[{"count":0,"href":"https:\/\/fsmcv.org\/vl\/wp-json\/wp\/v2\/posts\/12861\/revisions"}],"wp:attachment":[{"href":"https:\/\/fsmcv.org\/vl\/wp-json\/wp\/v2\/media?parent=12861"}],"wp:term":[{"taxonomy":"category","embeddable":true,"href":"https:\/\/fsmcv.org\/vl\/wp-json\/wp\/v2\/categories?post=12861"},{"taxonomy":"post_tag","embeddable":true,"href":"https:\/\/fsmcv.org\/vl\/wp-json\/wp\/v2\/tags?post=12861"}],"curies":[{"name":"wp","href":"https:\/\/api.w.org\/{rel}","templated":true}]}}