{"id":12867,"date":"2019-05-28T11:55:39","date_gmt":"2019-05-28T09:55:39","guid":{"rendered":"https:\/\/fsmcv.org\/?post_type=fsmcv-noticias&#038;p=12867"},"modified":"2021-04-07T13:55:33","modified_gmt":"2021-04-07T11:55:33","slug":"ix-festival-bandes-vila-ondara-1-juny","status":"publish","type":"post","link":"https:\/\/fsmcv.org\/vl\/societats-musicals\/ix-festival-bandes-vila-ondara-1-juny\/","title":{"rendered":"El IX Festival de bandes Vila d&#8217;Ondara se celebrar\u00e0 el dissabte 1 de juny"},"content":{"rendered":"<p>El pr\u00f2xim dissabte 1 de juny el Festival de Bandes Vila d\u2019Ondara celebrar\u00e1 la seua novena edici\u00f3 amb les interpretacions que oferiran tres magn\u00edfiques bandes: l\u2019Ateneu Musical La Lira de Corbera, la Uni\u00f3 Musical \u201cLa Primitiva\u201d de Castell de Castells, i la banda amfitriona, la Uni\u00f3 Musical d\u2019Ondara.<\/p>\n<p>El punt d&#8217;eixida del Festival el posar\u00e0 la cercavila que protagonitzaran els components de les tres bandes pels carrers de la localitat, sent l&#8217;inici a la Pla\u00e7a Pa\u00eds Valenci\u00e0, continuant per l&#8217;avinguda Dr. Fleming i finalitzant a la porta principal de la Pla\u00e7a de Bous.<\/p>\n<p>A les 19:30 hores donar\u00e0 comen\u00e7ament la desfilada de bandes dins del rogle de la Pla\u00e7a de Bous (per ordre de programa) i tot seguit actuaran l\u2019Ateneu Musical La Lira de Corbera, la Uni\u00f3 Musical \u201cLa Primitiva\u201d de Castell de Castells, i la Uni\u00f3 Musical d\u2019Ondara.<\/p>\n<h3>Programa<\/h3>\n<p><strong>Desfilada<\/strong><\/p>\n<p>Ateneu Musical &#8220;La Lira&#8221; de Corbera<br \/>\nPasdoble: <em>El T\u00edo Ram\u00f3n<\/em>, de Salvador Salv\u00e1 i Tom\u00e1s Olcina.<\/p>\n<p>Uni\u00f3 Musical &#8220;La Primitiva&#8221; de Castell de Castells<br \/>\nPasdoble: <em>La Plana de Muro<\/em>, de Francisco Esteve Pastor (1915-1999)<\/p>\n<p>Uni\u00f3 Musical d&#8217;Ondara<br \/>\nPasdoble: <em>Chisperos y Manolas<\/em>, de Gonzalo Ortol\u00e0 Mar\u00ed (1869-1962)<\/p>\n<p>Seguidament, cadascuna de les bandes de m\u00fasica participants interpretar\u00e0 dues peces musicals.<\/p>\n<p><strong>Festival<\/strong><\/p>\n<p>Ateneu Musical &#8220;La Lira&#8221; de Corbera<br \/>\n<em>Overture Jubiloso. <\/em>Obertura. (1978), de Franck Erickson (1923-1996).<br \/>\n<em>Diagram<\/em> (1992), d&#8217;Andr\u00e9 Waignein (1942-2015).<\/p>\n<p>Uni\u00f3 Musical &#8220;La Primitiva&#8221; de Castell de Castells<br \/>\n<em>La Utielana<\/em>. Pasdoble. (2010), de Lu\u00eds Serrano Alarc\u00f3n (1972).<br \/>\n<em>Qastal<\/em> (2018), de Sa\u00fcl G\u00f3mez Soler (1982).<\/p>\n<p>Uni\u00f3 Musical d&#8217;Ondara<br \/>\n<em>Ol\u00e9 Contrabandistes<\/em>. Pasdoble. (2006), de Ram\u00f3n Garcia i Soler (1971).<br \/>\n<em>Banja Luka<\/em> (1995), de Jan de Haan (1951).<\/p>\n","protected":false},"excerpt":{"rendered":"<p>Participaran l\u2019Ateneu Musical La Lira de Corbera, la Uni\u00f3 Musical \u201cLa Primitiva\u201d de Castell de Castells, i la banda amfitriona, la Uni\u00f3 Musical d\u2019Ondara.<\/p>\n","protected":false},"author":2,"featured_media":0,"comment_status":"closed","ping_status":"closed","sticky":false,"template":"","format":"standard","meta":{"footnotes":""},"categories":[56],"tags":[],"class_list":["post-12867","post","type-post","status-publish","format-standard","hentry","category-societats-musicals"],"_links":{"self":[{"href":"https:\/\/fsmcv.org\/vl\/wp-json\/wp\/v2\/posts\/12867","targetHints":{"allow":["GET"]}}],"collection":[{"href":"https:\/\/fsmcv.org\/vl\/wp-json\/wp\/v2\/posts"}],"about":[{"href":"https:\/\/fsmcv.org\/vl\/wp-json\/wp\/v2\/types\/post"}],"author":[{"embeddable":true,"href":"https:\/\/fsmcv.org\/vl\/wp-json\/wp\/v2\/users\/2"}],"replies":[{"embeddable":true,"href":"https:\/\/fsmcv.org\/vl\/wp-json\/wp\/v2\/comments?post=12867"}],"version-history":[{"count":0,"href":"https:\/\/fsmcv.org\/vl\/wp-json\/wp\/v2\/posts\/12867\/revisions"}],"wp:attachment":[{"href":"https:\/\/fsmcv.org\/vl\/wp-json\/wp\/v2\/media?parent=12867"}],"wp:term":[{"taxonomy":"category","embeddable":true,"href":"https:\/\/fsmcv.org\/vl\/wp-json\/wp\/v2\/categories?post=12867"},{"taxonomy":"post_tag","embeddable":true,"href":"https:\/\/fsmcv.org\/vl\/wp-json\/wp\/v2\/tags?post=12867"}],"curies":[{"name":"wp","href":"https:\/\/api.w.org\/{rel}","templated":true}]}}