{"id":12956,"date":"2019-06-04T09:55:11","date_gmt":"2019-06-04T07:55:11","guid":{"rendered":"https:\/\/fsmcv.org\/?post_type=fsmcv-noticias&#038;p=12956"},"modified":"2021-04-07T13:54:43","modified_gmt":"2021-04-07T11:54:43","slug":"acuerdo-fsmcv-wasbe-sociedades-musicales-condiciones-especiales-adquirir-entradas","status":"publish","type":"post","link":"https:\/\/fsmcv.org\/vl\/societats-musicals\/acuerdo-fsmcv-wasbe-sociedades-musicales-condiciones-especiales-adquirir-entradas\/","title":{"rendered":"Acord FSMCV-WASBE: Les Societats Musicals obtindran condicions especials per a adquirir entrades"},"content":{"rendered":"<p>La Federaci\u00f3 de Societats Musicals de la Comunitat Valenciana ha arribat a un acord amb World Association for Symphonic Bands and Ensembles (WASBE) per a aplicar condicions especials al nostre col\u00b7lectiu de manera que les societats musicals siguen part\u00edcips de la pr\u00f2xima confer\u00e8ncia que tindr\u00e0 lloc a Bunyol del 9 al 13 de juliol de 2019.<\/p>\n<p>L&#8217;esdeveniment convertir\u00e0 a la localitat valenciana en el punt de trobada internacional de directors, compositors, int\u00e8rprets, editors, docents i professionals de la m\u00fasica de banda que podran gaudir d&#8217;esdeveniments, concursos, confer\u00e8ncies, concerts i taules redones amb participants de tot el m\u00f3n.<\/p>\n<p>En aquesta confer\u00e8ncia mundial bianual es donaran cita els m\u00e9s destacats experts en m\u00fasica de banda del m\u00f3n, per la qual cosa la FSMCV considera que ser\u00e0 de gran inter\u00e9s per a tot el col\u00b7lectiu de societats musicals. Durant quatre dies, la trobada de WASBE inclour\u00e0 confer\u00e8ncies i concerts, aix\u00ed com la possibilitat que el p\u00fablic visite els estands de diferents empreses i entitats relacionades amb la m\u00fasica de vent.<\/p>\n<p>Cal destacar que si b\u00e9 moltes confer\u00e8ncies es realitzaran en angl\u00e9s, tot l&#8217;esdeveniment comptar\u00e0 amb traducci\u00f3 simult\u00e0nia i servei d&#8217;int\u00e8rprets.<\/p>\n<h3>Acord FSMCV-WASBE<\/h3>\n<p>Les Societats Musicals interessades a acudir podran inscriure&#8217;s per un preu de 60\u20ac obtenint dos passes a nom de la societat musical per a assistir a les jornades i concerts programats per WASBE. D&#8217;aquesta manera, dos representants de les Societats Musicals federades podran assistir a tots els actes programats al mateix preu que paga un soci de WASBE, per\u00f2 amb dues entrades. Per a realitzar la inscripci\u00f3, les Societats Musicals interessades hauran d&#8217;enviar un correu electr\u00f2nic a <a href=\"mailto:manager@wasbeconference2019.com\" target=\"_blank\" rel=\"noopener noreferrer\">manager@wasbeconference2019.com<\/a> amb la petici\u00f3 d&#8217;inscripci\u00f3.<\/p>\n<p>No solament els associats poden acudir a la confer\u00e8ncia mundial de la WASBE; qualsevol persona amant de la m\u00fasica de banda pot registrar-se en la p\u00e0gina web per a assistir a tots els actes i confer\u00e8ncies.<\/p>\n<h3>Bandes participants<\/h3>\n<p>A m\u00e9s de multitud d&#8217;esdeveniments, concursos, confer\u00e8ncies, i taules redones, els assistents podran gaudir de les interpretacions de formacions band\u00edstiques d&#8217;alt\u00edssim nivell vingudes de tot el m\u00f3n. Aquestes han sigut seleccionades pel comit\u00e9 organitzador de la confer\u00e8ncia WASBE segons la presentaci\u00f3 dels diferents projectes, la seua qualitat musical i l&#8217;inter\u00e9s que puga representar per a tots els seus associats i el p\u00fablic en general. Entre les mateixes trobem a les seg\u00fcents:<\/p>\n<p>&#8211; Northwestern State University (USA),<br \/>\n&#8211; Rovereto Wind Orchestra (Italy),<br \/>\n&#8211; Sydney Conservatorium of Music Wind Symphony (Austr\u00e0lia),<br \/>\n&#8211; Toronto Youth Wind Orchestra (Canada),<br \/>\n&#8211; UMSC Villar del Arzobispo (Spain),<br \/>\n&#8211; University of North Florida Wind Symphony (USA),<br \/>\n&#8211; Associa\u00e7ao Recreativa Musical Amigos de Branca (Portugal),<br \/>\n&#8211; Banda Simf\u00f2nica Do Xertico (el Brasil).<\/p>\n<p>Participaran com a bandes convidades les formacions de la Banda Simf\u00f2nica de la Societat Musical L&#8217;Art\u00edstica de Bunyol, la Banda Simf\u00f2nica del Centre Instructiu Musical La Arm\u00f3nica de Bunyol, la Banda Municipal de Val\u00e8ncia i la Jove Banda Simf\u00f2nica de la Federaci\u00f3 de Societats Musicals de la Comunitat Valenciana (FSMCV).<\/p>\n<p>L&#8217;acc\u00e9s a tots els concerts \u00e9s gratu\u00eft, i els\/les congressistes tindran una zona especial reservada.<\/p>\n<h3>M\u00e9s informaci\u00f3<\/h3>\n<p>Consulte tots els detalls de la confer\u00e8ncia a <a href=\"http:\/\/wasbeconference2019.com\" target=\"_blank\" rel=\"noopener noreferrer\">http:\/\/wasbeconference2019.com<\/a><\/p>\n<h3>Documentaci\u00f3<\/h3>\n<p><a href=\"https:\/\/fsmcv.org\/BTnet-storage\/wp-uploads\/2019\/06\/Programacio\u0301n-provisional-WASBE.pdf\" target=\"_blank\" rel=\"noopener noreferrer\">Descarregar programa provisional de pon\u00e8ncies i concerts [PDF]<\/a><\/p>\n<p><a href=\"https:\/\/fsmcv.org\/BTnet-storage\/wp-uploads\/2019\/06\/WASBE-Preu-especial-SSMM-federades.pdf\" target=\"_blank\" rel=\"noopener noreferrer\">Descarregar carta informativa acord FSMCV-WASBE [PDF]<\/a><\/p>\n","protected":false},"excerpt":{"rendered":"<p>L&#8217;esdeveniment convertir\u00e0 a la localitat valenciana en el punt de trobada internacional de directors, compositors, int\u00e8rprets, editors, docents i professionals de la m\u00fasica de banda que podran gaudir d&#8217;esdeveniments, concursos, confer\u00e8ncies, concerts i taules redones amb participants de tot el m\u00f3n.<\/p>\n","protected":false},"author":2,"featured_media":0,"comment_status":"closed","ping_status":"closed","sticky":false,"template":"","format":"standard","meta":{"footnotes":""},"categories":[56],"tags":[],"class_list":["post-12956","post","type-post","status-publish","format-standard","hentry","category-societats-musicals"],"_links":{"self":[{"href":"https:\/\/fsmcv.org\/vl\/wp-json\/wp\/v2\/posts\/12956","targetHints":{"allow":["GET"]}}],"collection":[{"href":"https:\/\/fsmcv.org\/vl\/wp-json\/wp\/v2\/posts"}],"about":[{"href":"https:\/\/fsmcv.org\/vl\/wp-json\/wp\/v2\/types\/post"}],"author":[{"embeddable":true,"href":"https:\/\/fsmcv.org\/vl\/wp-json\/wp\/v2\/users\/2"}],"replies":[{"embeddable":true,"href":"https:\/\/fsmcv.org\/vl\/wp-json\/wp\/v2\/comments?post=12956"}],"version-history":[{"count":0,"href":"https:\/\/fsmcv.org\/vl\/wp-json\/wp\/v2\/posts\/12956\/revisions"}],"wp:attachment":[{"href":"https:\/\/fsmcv.org\/vl\/wp-json\/wp\/v2\/media?parent=12956"}],"wp:term":[{"taxonomy":"category","embeddable":true,"href":"https:\/\/fsmcv.org\/vl\/wp-json\/wp\/v2\/categories?post=12956"},{"taxonomy":"post_tag","embeddable":true,"href":"https:\/\/fsmcv.org\/vl\/wp-json\/wp\/v2\/tags?post=12956"}],"curies":[{"name":"wp","href":"https:\/\/api.w.org\/{rel}","templated":true}]}}