{"id":13018,"date":"2019-06-10T10:36:17","date_gmt":"2019-06-10T08:36:17","guid":{"rendered":"https:\/\/fsmcv.org\/?post_type=fsmcv-noticias&#038;p=13018"},"modified":"2021-03-26T13:03:59","modified_gmt":"2021-03-26T12:03:59","slug":"creacio-concert-jove-banda-simfonica-comarca-safor-valldigna-fsmcv","status":"publish","type":"post","link":"https:\/\/fsmcv.org\/vl\/jove-banda-simfonica\/creacio-concert-jove-banda-simfonica-comarca-safor-valldigna-fsmcv\/","title":{"rendered":"Creaci\u00f3 i concert de la Jove Banda Simf\u00f2nica de la comarca Safor-Valldigna de la FSMCV"},"content":{"rendered":"<p>La delegaci\u00f3 comarcal de la Federaci\u00f3 de Societats Musicals de la Comunitat Valenciana a la Safor-Valldigna posa en marxa una novedosa activitat mai realitzada a aquest territori: Es tracta de la creaci\u00f3 d&#8217;una Jove\u00a0Banda Simf\u00f2nica, una nova unitat art\u00edstica que permetr\u00e0 als joves d&#8217;aquesta comarca participar en una formaci\u00f3 musical d&#8217;aquestes caracter\u00edstiques per tal de con\u00e8ixer de primera m\u00e0 el seu funcionament, aix\u00ed com participar en concerts i cites musicals.<\/p>\n<p>Les m\u00fasiques i els m\u00fasics que formen part del projecte es donaran cita a una trobada els dies 22 i 23 de juny de 2019, dissabte i diumenge, una vegada ja finalitzat el calendari lectiu del curs escolar. <strong>El diumenge 23 de juny a les 12:30 hores tindr\u00e0 lloc el primer concert de la Jove\u00a0Banda Simf\u00f2nica Safor-Valldigna a l&#8217;Auditori de Vilallonga<\/strong> dins del programa d&#8217;Activitats Comarcals 2019 que duu a terme la Federaci\u00f3 de Societats Musicals.<\/p>\n<p><img fetchpriority=\"high\" decoding=\"async\" class=\"aligncenter size-large wp-image-13020\" src=\"https:\/\/fsmcv.org\/BTnet-storage\/wp-uploads\/2019\/06\/Cartel-Gene\u0301rico-JBC-Safor-redes-729x1024.png\" alt=\"\" width=\"729\" height=\"1024\" title=\"\"><\/p>\n<p>La FSMCV Safor-Valldigna aposta fort per aquest nou projecte i per aix\u00f2 ha volgut que es fa\u00e7a c\u00e0rrec d&#8217;aquesta nova formaci\u00f3 musical el prestigi\u00f3s director Andr\u00e9s Valero Castell.<\/p>\n<p>El concert del diumenge estar\u00e0 presentat pel periodista Miguel \u00c1ngel Picornell i comptar\u00e0 amb professors i professores especialistes en els instruments que conformaran la Jove Banda Simf\u00f2nica.<\/p>\n","protected":false},"excerpt":{"rendered":"<p>El diumenge 23 de juny a les 12:30 hores tindr\u00e0 lloc el primer concert de la Jove Banda Simf\u00f2nica Safor-Valldigna a l&#8217;Auditori de Vilallonga<\/p>\n","protected":false},"author":2,"featured_media":0,"comment_status":"closed","ping_status":"closed","sticky":false,"template":"","format":"standard","meta":{"footnotes":""},"categories":[80],"tags":[],"class_list":["post-13018","post","type-post","status-publish","format-standard","hentry","category-jove-banda-simfonica"],"_links":{"self":[{"href":"https:\/\/fsmcv.org\/vl\/wp-json\/wp\/v2\/posts\/13018","targetHints":{"allow":["GET"]}}],"collection":[{"href":"https:\/\/fsmcv.org\/vl\/wp-json\/wp\/v2\/posts"}],"about":[{"href":"https:\/\/fsmcv.org\/vl\/wp-json\/wp\/v2\/types\/post"}],"author":[{"embeddable":true,"href":"https:\/\/fsmcv.org\/vl\/wp-json\/wp\/v2\/users\/2"}],"replies":[{"embeddable":true,"href":"https:\/\/fsmcv.org\/vl\/wp-json\/wp\/v2\/comments?post=13018"}],"version-history":[{"count":0,"href":"https:\/\/fsmcv.org\/vl\/wp-json\/wp\/v2\/posts\/13018\/revisions"}],"wp:attachment":[{"href":"https:\/\/fsmcv.org\/vl\/wp-json\/wp\/v2\/media?parent=13018"}],"wp:term":[{"taxonomy":"category","embeddable":true,"href":"https:\/\/fsmcv.org\/vl\/wp-json\/wp\/v2\/categories?post=13018"},{"taxonomy":"post_tag","embeddable":true,"href":"https:\/\/fsmcv.org\/vl\/wp-json\/wp\/v2\/tags?post=13018"}],"curies":[{"name":"wp","href":"https:\/\/api.w.org\/{rel}","templated":true}]}}