{"id":13024,"date":"2019-06-10T11:31:29","date_gmt":"2019-06-10T09:31:29","guid":{"rendered":"https:\/\/fsmcv.org\/?post_type=fsmcv-noticias&#038;p=13024"},"modified":"2021-03-26T13:03:42","modified_gmt":"2021-03-26T12:03:42","slug":"viii-curs-direccio-musical-agrupacio-musical-vila-de-calig","status":"publish","type":"post","link":"https:\/\/fsmcv.org\/vl\/area-educativa-vl\/xarxa-centres-educatius\/viii-curs-direccio-musical-agrupacio-musical-vila-de-calig\/","title":{"rendered":"VIII Curs de Direcci\u00f3 Musical organitzat per l&#8217;Agrupaci\u00f3 Musical Vila de C\u00e0lig"},"content":{"rendered":"<p>L&#8217;Agrupaci\u00f3 Musical Vila de C\u00e0lig ofereix un nou Curs de Direcci\u00f3 Musical, que enguany ja arriba a la seua setena edici\u00f3. Aquest curs est\u00e1 adre\u00e7at a totes les persones que tinguen la necesitan de con\u00e8ixer el m\u00f3n\u00a0de la direcci\u00f3, i per aix\u00f2 s&#8217;adaptar\u00e0 als diferents nivells de l&#8217;alumnat de mode que s&#8217;optimitzen els resultats.<\/p>\n<p>Abra\u00e7a diversos nivells de direcci\u00f3: Professional, estudiants de direcci\u00f3, amateurs, etc.<\/p>\n<p>Al curs es treballaran diversos aspectes, com la figura del director, la import\u00e0ncia d&#8217;una bona programaci\u00f3, qu\u00e8 \u00e9s i per a qu\u00e8 serveix la t\u00e8cnica, o com enfrontar-se a una partitura, entre altres temes.<\/p>\n<p><strong>Termini m\u00e0xim d&#8217;inscripci\u00f3: 15 de juliol<\/strong><\/p>\n<p>Tota la informaci\u00f3 del curs pot trobar-se a la web <a href=\"https:\/\/www.amusicalcalig.com\/3rd-gallery\" target=\"_blank\" rel=\"noopener noreferrer\">https:\/\/www.amusicalcalig.com\/3rd-gallery<\/a><\/p>\n<h3>Dates<\/h3>\n<p>El curs tindr\u00e0 lloc del 29 de juliol al 3 d&#8217;agost a les instal\u00b7lacions de l&#8217;Agrupaci\u00f3 Musical Vila de C\u00e0lig.<\/p>\n<p>\u200bS&#8217;oferir\u00e0 un concert de cloenda el 3 d&#8217;agost amb la banda de l&#8217;Agrupaci\u00f3 Musical Vila de C\u00e0lig.<\/p>\n<p>Podeu\u00a0informar-vos de les obres d&#8217;estudi d&#8217;aquest curs i\u00a0de la programaci\u00f3 per al concert\u00a0contactant amb l&#8217;AMVC al correu\u00a0electr\u00f2nic:\u00a0 <a href=\"mailto:amusicalcalig@fsmcv.org\" target=\"_blank\" rel=\"noopener noreferrer\">amusicalcalig@fsmcv.org<\/a><\/p>\n<h3>\u200bPreus<\/h3>\n<p>Alumne\/a actiu: 220 euros<br \/>\nAlumne\/a oient: 110 euros<\/p>\n<h3>Horaris<\/h3>\n<p>Les classes amb el Mestre Melero seran de 16h a 20:30h a les instal\u00b7lacions de l&#8217;AMVC.<br \/>\nEls assajos amb la banda de l&#8217;AMVC seran de les 22h a les 24h.<\/p>\n<h3>Nombre d&#8217;alumnes<\/h3>\n<p>Per a garantir un\u00a0ensenyament eficient, el nombre d&#8217;alumnes m\u00e0xim en actiu ser\u00e0 de 10, el nombre d&#8217;alumnes oients es il\u00b7limitat.<\/p>\n<h3>Professor: Francisco Melero<\/h3>\n<p>Ha estudiat amb els mestres: Jos\u00e9 Mar\u00eda Cervera Lloret, George\u00a0Pehlivanian\u00a0i\u00a0Armando\u00a0Tasso, si b\u00e9 qui va marcar la seua vida professional i es va convertir en el seu mentor va ser el Mestre Jos\u00e9\u00a0Collado.<\/p>\n<p>De l&#8217;any 1993 a 1995 va ser Director Titular de\u00a0l&#8217;Orquestra\u00a0i Societat Musical de l&#8217;Amistat de Quart de Poblet, amb la qual va realitzar una gira pels principals auditoris nacionals de Fran\u00e7a.<\/p>\n<p>De 1996 al 2006 va exercir com a Director Titular de\u00a0l&#8217;Orquestra\u00a0i Societat musical Ciutat de Requena. All\u00ed va rebre, en reconeixement a la seua tasca, la Ins\u00edgnia d&#8217;Or, m\u00e0xima distinci\u00f3 que atorga aquesta Societat. Tamb\u00e9 li va ser atorgada la Ins\u00edgnia d&#8217;Or per la Societat Musical de\u00a0Villar del Arzobispo.<\/p>\n<p>L&#8217;any 2000 va guanyar el Primer Premi i Menci\u00f3 d&#8217;Honor com a millor director en el Certamen Internacional de Val\u00e8ncia.<\/p>\n<p>El desembre\u00a0de 1996 va dirigir l&#8217;estrena del drama l\u00edric \u201cAmor Tir\u00e0\u201d, dels compositors\u00a0Mariano\u00a0P\u00e9rez S\u00e1nchez i\u00a0Francisco\u00a0Antich\u00a0Carbonell, al Teatre Principal de Requena. Aquesta obra va suposar el seu debut en el m\u00f3n de l&#8217;\u00f2pera i la sarsuela. Des de llavors ha desenvolupat cicles dedicats a l&#8217;\u00f2pera. Ha dirigit, entre altres: \u201cLa Serva\u00a0Padrona\u201d, \u201cCalisto\u00a0i Melibea\u201d, \u201cLa\u00a0traviatta\u201d, \u201cLa\u00a0Boheme\u201d o \u201cCarmen\u201d.<\/p>\n<h3>Documentaci\u00f3<\/h3>\n<p><a href=\"https:\/\/fsmcv.org\/BTnet-storage\/wp-uploads\/2019\/06\/Tri\u0301ptic-Definitiu.pdf\" target=\"_blank\" rel=\"noopener noreferrer\">Descarrega el tr\u00edptic informatiu del curs. [PDF]<\/a><\/p>\n<p><a href=\"https:\/\/fsmcv.org\/BTnet-storage\/wp-uploads\/2019\/06\/Inscripcio\u0301-definitiva.pdf\" target=\"_blank\" rel=\"noopener noreferrer\">Descarrega el full d&#8217;inscripci\u00f3. [PDF]<\/a><\/p>\n","protected":false},"excerpt":{"rendered":"<p>\u200bEl curs tindr\u00e0 lloc del 29 de juliol al 3 d&#8217;agost a les instal\u00b7lacions de l&#8217;Agrupaci\u00f3 Musical Vila de C\u00e0lig.<br \/>\n\u200bTermini m\u00e0xim d&#8217;inscripci\u00f3: 15 de juliol<\/p>\n","protected":false},"author":2,"featured_media":0,"comment_status":"closed","ping_status":"closed","sticky":false,"template":"","format":"standard","meta":{"footnotes":""},"categories":[164],"tags":[],"class_list":["post-13024","post","type-post","status-publish","format-standard","hentry","category-xarxa-centres-educatius"],"_links":{"self":[{"href":"https:\/\/fsmcv.org\/vl\/wp-json\/wp\/v2\/posts\/13024","targetHints":{"allow":["GET"]}}],"collection":[{"href":"https:\/\/fsmcv.org\/vl\/wp-json\/wp\/v2\/posts"}],"about":[{"href":"https:\/\/fsmcv.org\/vl\/wp-json\/wp\/v2\/types\/post"}],"author":[{"embeddable":true,"href":"https:\/\/fsmcv.org\/vl\/wp-json\/wp\/v2\/users\/2"}],"replies":[{"embeddable":true,"href":"https:\/\/fsmcv.org\/vl\/wp-json\/wp\/v2\/comments?post=13024"}],"version-history":[{"count":0,"href":"https:\/\/fsmcv.org\/vl\/wp-json\/wp\/v2\/posts\/13024\/revisions"}],"wp:attachment":[{"href":"https:\/\/fsmcv.org\/vl\/wp-json\/wp\/v2\/media?parent=13024"}],"wp:term":[{"taxonomy":"category","embeddable":true,"href":"https:\/\/fsmcv.org\/vl\/wp-json\/wp\/v2\/categories?post=13024"},{"taxonomy":"post_tag","embeddable":true,"href":"https:\/\/fsmcv.org\/vl\/wp-json\/wp\/v2\/tags?post=13024"}],"curies":[{"name":"wp","href":"https:\/\/api.w.org\/{rel}","templated":true}]}}