{"id":13031,"date":"2019-06-10T15:02:02","date_gmt":"2019-06-10T13:02:02","guid":{"rendered":"https:\/\/fsmcv.org\/?post_type=fsmcv-noticias&#038;p=13031"},"modified":"2021-04-07T13:53:53","modified_gmt":"2021-04-07T11:53:53","slug":"vii-campamento-musical-agrupacion-musical-los-silos","status":"publish","type":"post","link":"https:\/\/fsmcv.org\/vl\/societats-musicals\/vii-campamento-musical-agrupacion-musical-los-silos\/","title":{"rendered":"VII Campament Musical de l&#8217;Agrupaci\u00f3n Musical Los Silos"},"content":{"rendered":"<p>L&#8217;Agrupaci\u00f3n Musical Los Silos ja ha obert el termini de matr\u00edcula per a participar en el VII Campament Musical Los Silos. Enguany s&#8217;amplia un dia m\u00e9s l&#8217;estada en l&#8217;alberg Torreta del Marqu\u00e9s de Benig\u00e0nim, celebrant-se de l&#8217;1 al 6 de juliol de 2019.<\/p>\n<p>Una altra de les novetats recau en que la matr\u00edcula ser\u00e0 exclusivament ONLINE a trav\u00e9s del seg\u00fcent enlla\u00e7: <a href=\"https:\/\/campamento12.wixsite.com\/campamentsilos\/matricula\" target=\"_blank\" rel=\"noopener noreferrer\">https:\/\/campamento12.wixsite.com\/campamentsilos\/matricula<\/a><\/p>\n<p><strong>El termini per a la matr\u00edcula romandr\u00e0 obert fins a aquest dissabte 15 de juny.<\/strong><\/p>\n<p>Enguany, a m\u00e9s, s&#8217;aplicar\u00e0 un xicotet descompte en el preu a germans que participen junts en el campament.<\/p>\n<p>Si teniu algun dubte, podeu consultar-lo a trav\u00e9s del mail <a href=\"mailto:campamento@edmlossilos.com\" target=\"_blank\" rel=\"noopener noreferrer\">campamento@edmlossilos.com<\/a><\/p>\n<p>Podeu consultar tota la informaci\u00f3 en la web del campament: <a href=\"https:\/\/campamento12.wixsite.com\/campamentsilos\" target=\"_blank\" rel=\"noopener noreferrer\">https:\/\/campamento12.wixsite.com\/campamentsilos<\/a><\/p>\n<p><strong>Informaci\u00f3 important<\/strong><\/p>\n<p>1.- NO es contempla la reserva de places.<br \/>\n2.- La matr\u00edcula NO es considerar\u00e0 realitzada fins que l&#8217;Escola no reba TOTS els documents que s&#8217;exigeixen per a formalitzar-la.<br \/>\n3.- Els documents NO s&#8217;entregaran als professors. Podeu enviar-los escanejats a <a href=\"mailto:campamento@edmlossilos.com\" target=\"_blank\" rel=\"noopener noreferrer\">campamento@edmlossilos.com<\/a> o (millor) entregar-los en la secretaria de l&#8217;Escola (Amparo).<br \/>\n4.- Cal emplenar tants formularis com alumnes participen encara que siguen germans\/es.<\/p>\n<h3>Objectius<\/h3>\n<p>&#8211; Millorar la t\u00e8cnica, la interpretaci\u00f3 i aprofundir en els coneixements musicals.<br \/>\n\u200b- Treball de la disciplina i de la interpretaci\u00f3 en grup.<br \/>\n\u200b- Establir una autodisciplina d&#8217;estudi i d&#8217;interacci\u00f3 amb el m\u00f3n f\u00edsic i els companys\/es m\u00fasics.<br \/>\n&#8211; Foment de la conviv\u00e8ncia amb la resta d&#8217;alumnes i professors.<\/p>\n<h3>Activitats<\/h3>\n<p>&#8211; Classes individuals i col\u00b7lectives per instrument.<br \/>\n\u200b- Assajos de banda i orquestra.<br \/>\n\u200b- Piscina.<br \/>\n&#8211; Tallers.<br \/>\n\u200b- Jocs esportius i musicals.<br \/>\n\u200b- Audicions.<br \/>\n\u200b- Concert final per a pares i mares.<\/p>\n","protected":false},"excerpt":{"rendered":"<p>El termini per a la matr\u00edcula romandr\u00e0 obert fins a aquest dissabte 15 de juny.<\/p>\n","protected":false},"author":2,"featured_media":0,"comment_status":"closed","ping_status":"closed","sticky":false,"template":"","format":"standard","meta":{"footnotes":""},"categories":[56],"tags":[],"class_list":["post-13031","post","type-post","status-publish","format-standard","hentry","category-societats-musicals"],"_links":{"self":[{"href":"https:\/\/fsmcv.org\/vl\/wp-json\/wp\/v2\/posts\/13031","targetHints":{"allow":["GET"]}}],"collection":[{"href":"https:\/\/fsmcv.org\/vl\/wp-json\/wp\/v2\/posts"}],"about":[{"href":"https:\/\/fsmcv.org\/vl\/wp-json\/wp\/v2\/types\/post"}],"author":[{"embeddable":true,"href":"https:\/\/fsmcv.org\/vl\/wp-json\/wp\/v2\/users\/2"}],"replies":[{"embeddable":true,"href":"https:\/\/fsmcv.org\/vl\/wp-json\/wp\/v2\/comments?post=13031"}],"version-history":[{"count":0,"href":"https:\/\/fsmcv.org\/vl\/wp-json\/wp\/v2\/posts\/13031\/revisions"}],"wp:attachment":[{"href":"https:\/\/fsmcv.org\/vl\/wp-json\/wp\/v2\/media?parent=13031"}],"wp:term":[{"taxonomy":"category","embeddable":true,"href":"https:\/\/fsmcv.org\/vl\/wp-json\/wp\/v2\/categories?post=13031"},{"taxonomy":"post_tag","embeddable":true,"href":"https:\/\/fsmcv.org\/vl\/wp-json\/wp\/v2\/tags?post=13031"}],"curies":[{"name":"wp","href":"https:\/\/api.w.org\/{rel}","templated":true}]}}