{"id":13050,"date":"2019-06-11T16:47:57","date_gmt":"2019-06-11T14:47:57","guid":{"rendered":"https:\/\/fsmcv.org\/?post_type=fsmcv-noticias&#038;p=13050"},"modified":"2021-04-07T13:53:44","modified_gmt":"2021-04-07T11:53:44","slug":"lorquestra-simfonica-del-ciac-de-la-vall-duixo-oferira-el-concert-la-magia-de-disney","status":"publish","type":"post","link":"https:\/\/fsmcv.org\/vl\/societats-musicals\/lorquestra-simfonica-del-ciac-de-la-vall-duixo-oferira-el-concert-la-magia-de-disney\/","title":{"rendered":"L&#8217;Orquestra Simf\u00f2nica del CIAC de la Vall d\u2019Uix\u00f3 oferir\u00e0 el concert did\u00e0ctic &#8220;La M\u00e0gia de Disney&#8221;"},"content":{"rendered":"<p>El pr\u00f2xim diumenge 16 de juny a les 12:00h l&#8217;Orquestra Simf\u00f2nica del Centre Instructiu d&#8217;Art i Cultura (CIAC) de la Vall d\u2019Uix\u00f3 presenta el seu concert did\u00e0ctic en fam\u00edlia &#8220;La M\u00e0gia de Disney&#8221; a l&#8217;Auditori Leopoldo Pe\u00f1arroja de la Vall d\u2019Uix\u00f3.<\/p>\n<p>Es tracta d&#8217;un espectacle did\u00e0ctic per a tots els p\u00fablics, on es podr\u00e0 gaudir d&#8217;una selecci\u00f3 de les m\u00e9s conegudes pel\u00b7l\u00edcules de Disney, com:\u00a0<em>La Bella y la Bestia, Aladd\u00edn, Frozen, Mary Poppins, Pocahontas, Coco, Brave, El Rey Le\u00f3n<\/em>\u00a0i moltes altres sorpreses.<\/p>\n<p>Estes fant\u00e0stiques peces musicals seran interpretades per les veus de Laura Barrios, \u00c0ngela Burguete, Blanca L\u00f3pez, Sergio Garc\u00eda i Laura Gim\u00e9nez, acompanydets per l&#8217;Orquestra i per un cor format pels propis alumnes de l&#8217;escola de m\u00fasica.<\/p>\n<p>A m\u00e9s, l&#8217;espectacle, sota la direcci\u00f3 de Sergio D\u00edaz Garc\u00eda, comptar\u00e0 amb projeccions d&#8217;imatges i v\u00eddeos i amb la narraci\u00f3 d&#8217;Imma Mart\u00ednez, qui ens captivar\u00e0 en el m\u00e0gic m\u00f3n de Disney i ens descobrir\u00e0 tots els instruments que formen part de l&#8217;Orquestra Simf\u00f2nica.<\/p>\n<p>Sens dubte, un espectacle per a passar-ho molt b\u00e9 i que no deixar\u00e0 indiferent a ning\u00fa.<\/p>\n<p>Entrada gratu\u00efta, amb invitaci\u00f3, fins a completar aforament.<\/p>\n<p>Les entrades es poden arreplegar en la taquilla de l&#8217;Auditori els dijous de 17:00h a 20:00h i des de 2 hores abans de l&#8217;inici de la funci\u00f3.<br \/>\nTamb\u00e9 es poden aconseguir online en:\u00a0<a href=\"https:\/\/www.auditoriolavallduixo.es\/la-magia-de-disney\" target=\"_&quot;blank&quot;\" rel=\"noopener noreferrer\">https:\/\/www.auditoriolavallduixo.es\/la-magia-de-disney<\/a><\/p>\n","protected":false},"excerpt":{"rendered":"<p>El pr\u00f2xim diumenge 16 de juny a les 12:00h l&#8217;Orquestra Simf\u00f2nica del Centre Instructiu d&#8217;Art i Cultura (CIAC) de la Vall d\u2019Uix\u00f3 presenta el seu espectacle did\u00e0ctic en fam\u00edlia La M\u00e0gia de Disney a l&#8217;Auditori Leopoldo Pe\u00f1arroja de la Vall d\u2019Uix\u00f3.<\/p>\n","protected":false},"author":2,"featured_media":0,"comment_status":"closed","ping_status":"closed","sticky":false,"template":"","format":"standard","meta":{"footnotes":""},"categories":[56],"tags":[],"class_list":["post-13050","post","type-post","status-publish","format-standard","hentry","category-societats-musicals"],"_links":{"self":[{"href":"https:\/\/fsmcv.org\/vl\/wp-json\/wp\/v2\/posts\/13050","targetHints":{"allow":["GET"]}}],"collection":[{"href":"https:\/\/fsmcv.org\/vl\/wp-json\/wp\/v2\/posts"}],"about":[{"href":"https:\/\/fsmcv.org\/vl\/wp-json\/wp\/v2\/types\/post"}],"author":[{"embeddable":true,"href":"https:\/\/fsmcv.org\/vl\/wp-json\/wp\/v2\/users\/2"}],"replies":[{"embeddable":true,"href":"https:\/\/fsmcv.org\/vl\/wp-json\/wp\/v2\/comments?post=13050"}],"version-history":[{"count":0,"href":"https:\/\/fsmcv.org\/vl\/wp-json\/wp\/v2\/posts\/13050\/revisions"}],"wp:attachment":[{"href":"https:\/\/fsmcv.org\/vl\/wp-json\/wp\/v2\/media?parent=13050"}],"wp:term":[{"taxonomy":"category","embeddable":true,"href":"https:\/\/fsmcv.org\/vl\/wp-json\/wp\/v2\/categories?post=13050"},{"taxonomy":"post_tag","embeddable":true,"href":"https:\/\/fsmcv.org\/vl\/wp-json\/wp\/v2\/tags?post=13050"}],"curies":[{"name":"wp","href":"https:\/\/api.w.org\/{rel}","templated":true}]}}