{"id":13073,"date":"2019-06-12T12:17:58","date_gmt":"2019-06-12T10:17:58","guid":{"rendered":"https:\/\/fsmcv.org\/?post_type=fsmcv-noticias&#038;p=13073"},"modified":"2021-04-07T13:53:07","modified_gmt":"2021-04-07T11:53:07","slug":"presentacion-oficial-wasbe-conference-bunyol-sede-9-13-julio-2019","status":"publish","type":"post","link":"https:\/\/fsmcv.org\/vl\/societats-musicals\/presentacion-oficial-wasbe-conference-bunyol-sede-9-13-julio-2019\/","title":{"rendered":"Presentaci\u00f3 oficial de la WASBE Conference: Bunyol ser\u00e0 la seu del 9 al 13 de juliol de 2019"},"content":{"rendered":"<p>La Confer\u00e8ncia Internacional WASBE (World Association for Symphonic Bands and Ensembles) que tindr\u00e0 lloc en la localitat valenciana de Bunyol entre els dies 9 i 13 de juliol, va ser presentada ahir dimarts 11 de juny en el Centre de Turisme (CdT) de Val\u00e8ncia per part de tots els agents implicats: Dario Sotelo, president de WASBE; Remigi Morant, vicepresident educatiu de la FSMCV; Francesc Colomer, secretari auton\u00f2mic de Turisme de la Comunitat Valenciana; i Juncal Carrascosa, alcaldessa de l&#8217;Ajuntament de Bunyol.<\/p>\n<p>En aquesta confer\u00e8ncia mundial bianual es donaran cita els m\u00e9s destacats experts en m\u00fasica de banda del m\u00f3n, per la qual cosa Remigi Morant va expressar durant la presentaci\u00f3 el gran inter\u00e9s que suposa aquest tipus d&#8217;esdeveniments per a tot el col\u00b7lectiu de societats musicals.<\/p>\n<p>Durant quatre dies, la trobada de WASBE inclour\u00e0 confer\u00e8ncies i concerts, aix\u00ed com la possibilitat que el p\u00fablic visite els estands de diferents empreses i entitats relacionades amb la m\u00fasica de vent.<\/p>\n<p>El secretari auton\u00f2mic de Turisme, Francesc Colomer, va destacar que la vinculaci\u00f3 de la m\u00fasica al turisme \u201c<em>contribueix a construir una Comunitat Valenciana m\u00e9s rica, diversa i feli\u00e7<\/em>\u201d, per aix\u00f2 assenyalava que \u201c<em>la cultura i la m\u00fasica tindran sempre un espai a la seua disposici\u00f3 dins de Turisme<\/em>\u201d. Tamb\u00e9 va reiterar l&#8217;aposta del seu departament \u201c<em>pel turisme experiencial com el vinculat a la m\u00fasica, ja que \u00e9s un actiu i atractiu tur\u00edstic molt important per a nosaltres<\/em>\u201d.<\/p>\n<h3>Acord FSMCV-WASBE<\/h3>\n<p>Les Societats Musicals interessades a acudir podran inscriure&#8217;s per un preu de 60\u20ac obtenint dos passes a nom de la societat musical per a assistir a les jornades i concerts programats per WASBE. D&#8217;aquesta manera, dos representants de les Societats Musicals federades podran assistir a tots els actes programats al mateix preu que paga un soci de WASBE, per\u00f2 amb dues entrades. Per a realitzar la inscripci\u00f3, les Societats Musicals interessades hauran d&#8217;enviar un correu electr\u00f2nic a <a href=\"mailto:manager@wasbeconference2019.com\" target=\"_blank\" rel=\"noopener noreferrer\">manager@wasbeconference2019.com<\/a> amb la petici\u00f3 d&#8217;inscripci\u00f3.<\/p>\n<p>No solament els associats poden acudir a la confer\u00e8ncia mundial de la WASBE; qualsevol persona amant de la m\u00fasica de banda pot registrar-se en la p\u00e0gina web per a assistir a tots els actes i confer\u00e8ncies.<\/p>\n<h3>M\u00e9s informaci\u00f3<\/h3>\n<p>Consulte tots els detalls de la confer\u00e8ncia en <a href=\"http:\/\/wasbeconference2019.com\" target=\"_blank\" rel=\"noopener noreferrer\">http:\/\/wasbeconference2019.com<\/a><\/p>\n","protected":false},"excerpt":{"rendered":"<p>Les Societats Musicals interessades en acudir podran inscriure&#8217;s per un preu especial gr\u00e0cies a l&#8217;acord signat entre WASBE i FSMCV.<\/p>\n","protected":false},"author":2,"featured_media":0,"comment_status":"closed","ping_status":"closed","sticky":false,"template":"","format":"standard","meta":{"footnotes":""},"categories":[56],"tags":[],"class_list":["post-13073","post","type-post","status-publish","format-standard","hentry","category-societats-musicals"],"_links":{"self":[{"href":"https:\/\/fsmcv.org\/vl\/wp-json\/wp\/v2\/posts\/13073","targetHints":{"allow":["GET"]}}],"collection":[{"href":"https:\/\/fsmcv.org\/vl\/wp-json\/wp\/v2\/posts"}],"about":[{"href":"https:\/\/fsmcv.org\/vl\/wp-json\/wp\/v2\/types\/post"}],"author":[{"embeddable":true,"href":"https:\/\/fsmcv.org\/vl\/wp-json\/wp\/v2\/users\/2"}],"replies":[{"embeddable":true,"href":"https:\/\/fsmcv.org\/vl\/wp-json\/wp\/v2\/comments?post=13073"}],"version-history":[{"count":0,"href":"https:\/\/fsmcv.org\/vl\/wp-json\/wp\/v2\/posts\/13073\/revisions"}],"wp:attachment":[{"href":"https:\/\/fsmcv.org\/vl\/wp-json\/wp\/v2\/media?parent=13073"}],"wp:term":[{"taxonomy":"category","embeddable":true,"href":"https:\/\/fsmcv.org\/vl\/wp-json\/wp\/v2\/categories?post=13073"},{"taxonomy":"post_tag","embeddable":true,"href":"https:\/\/fsmcv.org\/vl\/wp-json\/wp\/v2\/tags?post=13073"}],"curies":[{"name":"wp","href":"https:\/\/api.w.org\/{rel}","templated":true}]}}