{"id":13137,"date":"2019-06-19T09:32:47","date_gmt":"2019-06-19T07:32:47","guid":{"rendered":"https:\/\/fsmcv.org\/?post_type=fsmcv-noticias&#038;p=13137"},"modified":"2021-04-07T13:47:37","modified_gmt":"2021-04-07T11:47:37","slug":"200-anys-exposicio-celebracions-casino-musical-godella-bicentenari","status":"publish","type":"post","link":"https:\/\/fsmcv.org\/vl\/societats-musicals\/200-anys-exposicio-celebracions-casino-musical-godella-bicentenari\/","title":{"rendered":"200 anys de m\u00fasica resumits en una exposici\u00f3 que marca l\u2019inici de les celebracions del Casino Musical de Godella"},"content":{"rendered":"<p>\u2018200 anys fent m\u00fasica, fent poble\u2019. Aix\u00ed resa el nou lema de la banda del Casino Musical de Godella, que en este 2019 celebra el seu bicentenari amb una complet\u00edssima programaci\u00f3 que va fer-se p\u00fablica amb el primer acte el darrer divendres 14 de juny.<\/p>\n<p>L\u2019exposici\u00f3 \u2018M\u00e9s que m\u00fasica\u2019, que fou inaugurada al centre d\u2019art Vila Eug\u00e8nia i que romandr\u00e0 oberta fins el 28 de juliol, va servir de tret d\u2019eixida per a esta commemoraci\u00f3. En esta mostra col\u00b7laborativa, comissionada per Josep Ferriol, han participat vint-i-quatre artistes locals, que han plasmat amb t\u00e8cniques i estils molt diversos la hist\u00f2ria de la nostra banda.<\/p>\n<p>Raquel Aguilar, Carrasco L\u00f3pez, Eduard Cortina, Vicente Castillo, Joana Bald\u00f3 Benac, Cristina Ghetti, Carlos Giner, Giner Bueno, Giner Godella, Josep Gil, MacDiego, Manuel Silvestre, B\u00e1rbara Mart\u00ednez Biot, Xavier Monsalvatje, Encarna Monteagudo, Grup Modern Fi (T. Raffi i J. Luna), Fuensanta Ni\u00f1irola, Alfredo Pardillo, Luis P\u00e9rez Boullosa, Miguel \u00c1ngel R\u00edos, Salvador Rodr\u00edguez-Bronch\u00fa, Rosa Satorre i Josep Ferriol han estat els artistes que han participat d\u2019esta exposici\u00f3.<\/p>\n<p>L\u2019acte del darrer divendres comen\u00e7\u00e0 amb una cercavila en qu\u00e8 la banda recorregu\u00e9 els carrers de Godella, arreplegant als membres de la corporaci\u00f3 municipal i a un gran nombre de persones que s\u2019hi sumaren fins arribar al centre d\u2019art. Amb la m\u00fasica com a fil conductor, els m\u00fasics, dirigits per Ra\u00fal Mart\u00edn i acompanyats pel director de la societat musical, Javier Llorens, amenitzaren la vesprada pels distints carrers del casc antic.<\/p>\n<p>Un cop en el centre d\u2019art, el president Javier Llorens va agrair l\u2019assist\u00e8ncia de totes les persones all\u00ed presents i va posar de relleu que la nostra banda \u00e9s una de les m\u00e9s antigues de la Comunitat Valenciana. A m\u00e9s, va fer extensiu l\u2019agra\u00efment a les institucions que han fet possible esta celebraci\u00f3: la Diputaci\u00f3 de Val\u00e8ncia, l\u2019Ajuntament de Godella, la Federaci\u00f3 de Societats Musicals de la Comunitat Valenciana, la Junta Directiva, Amigues de la M\u00fasica i socis del Casino Musical, i a les empreses i comer\u00e7os col\u00b7laboradors, al director de la banda -Ra\u00fal Mart\u00edn-, al Taller d\u2019Hist\u00f2ria Local i a tots aquells que, amb el seu temps i dedicaci\u00f3, tamb\u00e9 han participat de la festa. Una festa que durar\u00e0 fins a l\u2019agost de l\u2019any que ve i a la que volgu\u00e9 convidar a tot el ve\u00efnat del poble.<\/p>\n<p>Llorens va finalitzar el seu discurs amb unes emotives paraules: <em>\u00abTal i com el t\u00edtol de l\u2019exposici\u00f3 ens recorda, el Casino \u00e9s \u201cM\u00e9s que m\u00fasica\u201d, \u00e9s solidaritat, germanor, l\u2019esfor\u00e7 dels m\u00fasics, el suport dels familiars, l\u2019emoci\u00f3 del p\u00fablic, o el record dels companys que ja no es troben entre nosaltres. I no puc oblidar-me de la persona que em va acollir en el Casino, que em va fer entendre la necessitat de cuidar i treballar per la nostra Societat, pel b\u00e9 del Casino, pel b\u00e9 del poble&#8230; Perqu\u00e8 la m\u00fasica \u00e9s poble i el poble \u00e9s m\u00fasica, Cullell, sempre estar\u00e0s amb nosaltre<\/em>s\u00bb.<\/p>\n<p>Per la seua part, l\u2019alcaldessa en funcions, Eva Sanchis, va aprofitar l\u2019ocasi\u00f3 per subratllar tot all\u00f2 que Godella li deu a la seua banda: \u00ab<em>Esta formaci\u00f3 ha estat un eix de vertebraci\u00f3 fonamental en la nostra societat i ha fet que moltes persones de totes les edats, de tots els barris i de totes les condicions troben en el Casino el seu punt d\u2019uni\u00f3<\/em>\u00bb.<\/p>\n<p>Sanchis, que al dia seg\u00fcent va tornar a retre homenatge a la banda del Casino mostrant la batuta del director en la seua investidura com alcaldessa, va finalitzar parafrasejant l\u2019escriptor Hans Christian Andersen per dir que \u201c<em>on les paraules fallen, la m\u00fasica parla<\/em>\u201d i convidar a tot el poble de Godella a participar d\u2019este bicentenari i deixar que la m\u00fasica \u00ab<em>vos enamore com va fer amb mi<\/em>\u00bb.<\/p>\n<p>Per \u00faltim, el comissari de la mostra, Josep Ferriol, va destacar de la mateixa l\u2019enorme qualitat de les obres i dels artistes col\u00b7laboradors, i va ressaltar que Godella s\u2019ha caracteritzat sempre per ser un poble que aposta per la cultura. \u00ab<em>Aix\u00ed espere que continue sent sempre perqu\u00e8, com sabeu, nom\u00e9s la cultura ens far\u00e0 lliures<\/em>\u00bb, conclogu\u00e9.<\/p>\n<p>La vetlada va continuar amb un c\u00e0tering del Koynos i un servei de begudes i cerveses artesanals de Gonz\u00e1lez Pons. Tant este acte, com tota la resta del bicentenari, es pot seguir en xarxes socials amb el hashtag <a href=\"https:\/\/twitter.com\/hashtag\/SomCasino?src=hash\" target=\"_blank\" rel=\"noopener noreferrer\">#SomCasino<\/a>. A m\u00e9s, la societat musical va aprofitar l\u2019ocasi\u00f3 per donar a con\u00e8ixer la nova web: <a href=\"http:\/\/casinomusicaldegodella.com\" target=\"_blank\" rel=\"noopener noreferrer\">casinomusicaldegodella.com<\/a>, elaborada per Andr\u00e9s Garc\u00eda i que es suma a la nova imatge corporativa dissenyada per MacDiego. A m\u00e9s, des del divendres ja penja a la fa\u00e7ana del Casino Musical una pancarta gegant amb el lema del bicentenari: \u2018200 anys fent m\u00fasica, fent poble\u2019.<\/p>\n<h3>Una programaci\u00f3 complet\u00edssima a l\u2019altura de 200 anys d\u2019hist\u00f2ria<\/h3>\n<p>Com no podia ser d\u2019una altra manera, la programaci\u00f3 elaborada pel Casino Musical est\u00e0 a l\u2019altura d\u2019un aniversari tan especial. El darrer diumenge, la banda i la banda juvenil protagonitzaren en el parc del Retiro de Madrid un magn\u00edfic concert, per\u00f2 este fou nom\u00e9s el comen\u00e7ament.<\/p>\n<p>El seg\u00fcent concert de la banda tindr\u00e0 lloc el 25 de juliol al Palau de la M\u00fasica de Val\u00e8ncia, on gaudirem de l\u2019estrena del pasdoble <em>Bressol d\u2019artistes<\/em>, de Bartolom\u00e9 Llorens, i commemorarem el centenari de l\u2019Himne de l\u2019Exposici\u00f3 de Godella amb la col\u00b7laboraci\u00f3 del Cor del Casino Musical i altres veus amigues.<\/p>\n<p>L\u2019\u00faltim trimestre de l\u2019any inclour\u00e0 la gravaci\u00f3 del nou disc del cantant Josep Aparicio \u201cApa\u201d, la projecci\u00f3 d\u2019un curtmetratge ideat pel jove realitzador godellenc Alejandro Morala i la col\u00b7laboraci\u00f3 del grup de danses El Poblet de Godella al concert de Santa Cecilia. A m\u00e9s, es celebrar\u00e0 el 40 aniversari de les admirades i fidels Amigues de la M\u00fasica, que proclamaran a la nova musa, Marta L\u00f3pez.<\/p>\n<p>Tamb\u00e9 hi haur\u00e0 una recreaci\u00f3 d\u2019una cercavila de principis de segle XX, l\u2019organitzaci\u00f3 de la XI Trobada de Bandes i Orquestres Juvenils de l\u2019Horta Nord, concerts did\u00e0ctics escolars i l\u2019actuaci\u00f3 a la nostra localitat de la Banda Municipal de Val\u00e8ncia i la Jove Orquestra de la Comunitat Valenciana, dirigida per Pablo Rus, tot un referent en el m\u00f3n de la direcci\u00f3 d\u2019orquestra.<\/p>\n<p>Donarem la benvinguda a la primavera de 2020 amb la presentaci\u00f3 d\u2019un llibre i un documental que versar\u00e0 sobre la hist\u00f2ria de la banda i els esdeveniments m\u00e9s rellevants que s\u2019han produ\u00eft durant dos-cents anys.<\/p>\n<p>I es tancaran els actes commemoratius del bicentenari al juliol de l\u2019any vinent, participant en el Certamen Internacional de Bandes de M\u00fasica de Val\u00e8ncia. Tamb\u00e9 est\u00e0 previst un viatge per a tots els socis i m\u00fasics a Par\u00eds, on es posar\u00e0 el punt i final a les celebracions.<\/p>\n","protected":false},"excerpt":{"rendered":"<p>El Casino Musical de Godella celebra en este 2019 el seu bicentenari amb una complet\u00edssima programaci\u00f3 que va fer-se p\u00fablica amb el primer acte el darrer divendres 14 de juny. <\/p>\n","protected":false},"author":2,"featured_media":0,"comment_status":"closed","ping_status":"closed","sticky":false,"template":"","format":"standard","meta":{"footnotes":""},"categories":[56],"tags":[],"class_list":["post-13137","post","type-post","status-publish","format-standard","hentry","category-societats-musicals"],"_links":{"self":[{"href":"https:\/\/fsmcv.org\/vl\/wp-json\/wp\/v2\/posts\/13137","targetHints":{"allow":["GET"]}}],"collection":[{"href":"https:\/\/fsmcv.org\/vl\/wp-json\/wp\/v2\/posts"}],"about":[{"href":"https:\/\/fsmcv.org\/vl\/wp-json\/wp\/v2\/types\/post"}],"author":[{"embeddable":true,"href":"https:\/\/fsmcv.org\/vl\/wp-json\/wp\/v2\/users\/2"}],"replies":[{"embeddable":true,"href":"https:\/\/fsmcv.org\/vl\/wp-json\/wp\/v2\/comments?post=13137"}],"version-history":[{"count":0,"href":"https:\/\/fsmcv.org\/vl\/wp-json\/wp\/v2\/posts\/13137\/revisions"}],"wp:attachment":[{"href":"https:\/\/fsmcv.org\/vl\/wp-json\/wp\/v2\/media?parent=13137"}],"wp:term":[{"taxonomy":"category","embeddable":true,"href":"https:\/\/fsmcv.org\/vl\/wp-json\/wp\/v2\/categories?post=13137"},{"taxonomy":"post_tag","embeddable":true,"href":"https:\/\/fsmcv.org\/vl\/wp-json\/wp\/v2\/tags?post=13137"}],"curies":[{"name":"wp","href":"https:\/\/api.w.org\/{rel}","templated":true}]}}