{"id":13166,"date":"2019-06-21T10:22:13","date_gmt":"2019-06-21T08:22:13","guid":{"rendered":"https:\/\/fsmcv.org\/?post_type=fsmcv-noticias&#038;p=13166"},"modified":"2021-12-23T12:20:14","modified_gmt":"2021-12-23T11:20:14","slug":"resolucion-subvenciones-escuelas-musica-corporaciones-locales-entidades-privadas-sin-animo-de-lucro-comunitat-valenciana-2019","status":"publish","type":"post","link":"https:\/\/fsmcv.org\/vl\/convocatories-publiques\/resolucion-subvenciones-escuelas-musica-corporaciones-locales-entidades-privadas-sin-animo-de-lucro-comunitat-valenciana-2019\/","title":{"rendered":"Resoluci\u00f3 subvencions destinades a escoles de m\u00fasica dependents de corporacions locals o d&#8217;entitats privades sense \u00e0nim de lucre de la Comunitat Valenciana 2019"},"content":{"rendered":"<p>La Conselleria d&#8217;Educaci\u00f3, Investigaci\u00f3, Cultura i Esport, mitjan\u00e7ant la Direcci\u00f3 General de Formaci\u00f3 Professional i Ensenyaments de R\u00e8gim Especial, ha fet p\u00fablica la resoluci\u00f3 per la qual es concedeixen subvencions destinades a escoles de m\u00fasica i escoles de m\u00fasica i dansa dependents de corporacions locals o d&#8217;entitats privades sense \u00e0nim de lucre de la Comunitat Valenciana per a l&#8217;exercici 2019.<\/p>\n<p><strong>El termini per a presentar la justificaci\u00f3 de la subvenci\u00f3 ser\u00e0 des del 2 fins al 20 de setembre de 2019.<\/strong> L&#8217;incompliment de l&#8217;esmentat termini determinar\u00e0 la p\u00e8rdua de la subvenci\u00f3 concedida i, si \u00e9s el cas, el reintegrament de les quantitats indegudament percebudes.<\/p>\n<p>La justificaci\u00f3 es realitzar\u00e0 exclusivament per mitjans electr\u00f2nics en la plataforma de tramitaci\u00f3 de la GVA. El punt d&#8217;acc\u00e9s a la tramitaci\u00f3 electr\u00f2nica \u00e9s la seu electr\u00f2nica de la Generalitat, accessible en el lloc web <a href=\"https:\/\/sede.gva.es\" target=\"_blank\" rel=\"noopener noreferrer\">https:\/\/sede.gva.es<\/a>. Aquest tr\u00e0mit tamb\u00e9 estar\u00e0 disponible en l&#8217;enlla\u00e7 seg\u00fcent: <a href=\"http:\/\/www.gva.es\/va\/inicio\/procedimientos?id_proc=18330\" target=\"_blank\" rel=\"noopener noreferrer\">http:\/\/www.gva.es\/va\/inicio\/procedimientos?id_proc=18330<\/a>.<\/p>\n<p>Consulta la relaci\u00f3 de subvencions aprovades i denegades en els annexos de la resoluci\u00f3.<\/p>\n<h3>Documentaci\u00f3<\/h3>\n<p><a href=\"https:\/\/fsmcv.org\/BTnet-storage\/wp-uploads\/2019\/06\/DOGV-Escoles.pdf\" target=\"_blank\" rel=\"noopener noreferrer\">Descarrega la resoluci\u00f3 i els annexos. [PDF]<\/a><\/p>\n","protected":false},"excerpt":{"rendered":"<p>El termini per a presentar la justificaci\u00f3 de la subvenci\u00f3 ser\u00e0 des del 2 fins al 20 de setembre de 2019.<\/p>\n","protected":false},"author":2,"featured_media":46134,"comment_status":"closed","ping_status":"closed","sticky":false,"template":"","format":"standard","meta":{"footnotes":""},"categories":[45],"tags":[],"class_list":["post-13166","post","type-post","status-publish","format-standard","has-post-thumbnail","hentry","category-convocatories-publiques"],"_links":{"self":[{"href":"https:\/\/fsmcv.org\/vl\/wp-json\/wp\/v2\/posts\/13166","targetHints":{"allow":["GET"]}}],"collection":[{"href":"https:\/\/fsmcv.org\/vl\/wp-json\/wp\/v2\/posts"}],"about":[{"href":"https:\/\/fsmcv.org\/vl\/wp-json\/wp\/v2\/types\/post"}],"author":[{"embeddable":true,"href":"https:\/\/fsmcv.org\/vl\/wp-json\/wp\/v2\/users\/2"}],"replies":[{"embeddable":true,"href":"https:\/\/fsmcv.org\/vl\/wp-json\/wp\/v2\/comments?post=13166"}],"version-history":[{"count":0,"href":"https:\/\/fsmcv.org\/vl\/wp-json\/wp\/v2\/posts\/13166\/revisions"}],"wp:featuredmedia":[{"embeddable":true,"href":"https:\/\/fsmcv.org\/vl\/wp-json\/wp\/v2\/media\/46134"}],"wp:attachment":[{"href":"https:\/\/fsmcv.org\/vl\/wp-json\/wp\/v2\/media?parent=13166"}],"wp:term":[{"taxonomy":"category","embeddable":true,"href":"https:\/\/fsmcv.org\/vl\/wp-json\/wp\/v2\/categories?post=13166"},{"taxonomy":"post_tag","embeddable":true,"href":"https:\/\/fsmcv.org\/vl\/wp-json\/wp\/v2\/tags?post=13166"}],"curies":[{"name":"wp","href":"https:\/\/api.w.org\/{rel}","templated":true}]}}