{"id":13206,"date":"2019-07-02T12:50:22","date_gmt":"2019-07-02T10:50:22","guid":{"rendered":"https:\/\/fsmcv.org\/?post_type=fsmcv-noticias&#038;p=13206"},"modified":"2020-09-27T18:20:21","modified_gmt":"2020-09-27T18:20:21","slug":"finalistes-iv-concurs-nacional-direccio-maestro-galindo-calasparra","status":"publish","type":"post","link":"https:\/\/fsmcv.org\/vl\/certamens\/finalistes-iv-concurs-nacional-direccio-maestro-galindo-calasparra\/","title":{"rendered":"Revelats els finalistes del IV Concurs Nacional de Direcci\u00f3 &#8220;Maestro Galindo&#8221; de Calasparra"},"content":{"rendered":"<p>Ja es coneixen els directors finalistes i reserves que seguiran dins del IV Concurs Nacional de Direcci\u00f3 \u201cMaestro Galindo\u201d de Calasparra (M\u00farcia) que organitza l&#8217;Associaci\u00f3 Banda de M\u00fasica de Calasparra.<\/p>\n<p>Despr\u00e9s de la visualitzaci\u00f3 dels v\u00eddeos enviats pels aspirants, i en funci\u00f3 de criteris com la claredat en marcar el comp\u00e0s, els matisos, articulaci\u00f3, etc. el jurat ha determinat quins directors passaran a la fase final que es realitzar\u00e0 a Calasparra el 17 i 18 d&#8217;agost de 2019.<\/p>\n<p>El jurat de la fase eliminat\u00f2ria, compost pel director de la secci\u00f3 titular, un dels directors de la secci\u00f3 juvenil i membres de la junta directiva, han pres les seg\u00fcents decisions.<\/p>\n<p>FINALISTES<\/p>\n<p>&#8211; Jose Mar\u00eda Gonz\u00e1lez Olivares (San Isidro, Alacant) \u2013 67 punts.<br \/>\n&#8211; Celia Ll\u00e1cer Carbonell (Val\u00e8ncia) \u2013 63 punts.<\/p>\n<p>RESERVES<\/p>\n<p>&#8211; Enrique Sapi\u00f1a Garc\u00eda (Cullera, Val\u00e8ncia) \u2013 62 punts.<br \/>\n&#8211; V\u00edctor Gil Calabuig (Ontinyent, Val\u00e8ncia) \u2013 54 punts.<\/p>\n<p>L&#8217;organitzaci\u00f3 agraeix la participaci\u00f3 de tots els directors que han tingut a b\u00e9 inscriure&#8217;s en aquest concurs i els anima a que continuen treballant i gaudint de la m\u00fasica.<\/p>\n","protected":false},"excerpt":{"rendered":"<p>Ja es coneixen els directors finalistes i reserves que seguiran dins del IV Concurs Nacional de Direcci\u00f3 \u201cMaestro Galindo\u201d de Calasparra (M\u00farcia).<\/p>\n","protected":false},"author":2,"featured_media":0,"comment_status":"closed","ping_status":"closed","sticky":false,"template":"","format":"standard","meta":{"footnotes":""},"categories":[],"tags":[],"class_list":["post-13206","post","type-post","status-publish","format-standard","hentry"],"_links":{"self":[{"href":"https:\/\/fsmcv.org\/vl\/wp-json\/wp\/v2\/posts\/13206","targetHints":{"allow":["GET"]}}],"collection":[{"href":"https:\/\/fsmcv.org\/vl\/wp-json\/wp\/v2\/posts"}],"about":[{"href":"https:\/\/fsmcv.org\/vl\/wp-json\/wp\/v2\/types\/post"}],"author":[{"embeddable":true,"href":"https:\/\/fsmcv.org\/vl\/wp-json\/wp\/v2\/users\/2"}],"replies":[{"embeddable":true,"href":"https:\/\/fsmcv.org\/vl\/wp-json\/wp\/v2\/comments?post=13206"}],"version-history":[{"count":0,"href":"https:\/\/fsmcv.org\/vl\/wp-json\/wp\/v2\/posts\/13206\/revisions"}],"wp:attachment":[{"href":"https:\/\/fsmcv.org\/vl\/wp-json\/wp\/v2\/media?parent=13206"}],"wp:term":[{"taxonomy":"category","embeddable":true,"href":"https:\/\/fsmcv.org\/vl\/wp-json\/wp\/v2\/categories?post=13206"},{"taxonomy":"post_tag","embeddable":true,"href":"https:\/\/fsmcv.org\/vl\/wp-json\/wp\/v2\/tags?post=13206"}],"curies":[{"name":"wp","href":"https:\/\/api.w.org\/{rel}","templated":true}]}}