{"id":13318,"date":"2019-07-16T10:01:10","date_gmt":"2019-07-16T08:01:10","guid":{"rendered":"https:\/\/fsmcv.org\/?post_type=fsmcv-noticias&#038;p=13318"},"modified":"2020-09-26T13:17:18","modified_gmt":"2020-09-26T13:17:18","slug":"avamus-ii-congres-internacional-musicologia-valencia","status":"publish","type":"post","link":"https:\/\/fsmcv.org\/vl\/noticies-campanyes\/musica-a-la-llum\/avamus-ii-congres-internacional-musicologia-valencia\/","title":{"rendered":"AVAMUS celebrar\u00e0 el II Congr\u00e9s Internacional de Musicologia a Val\u00e8ncia"},"content":{"rendered":"<p>El Centre Cultural La Nau de Val\u00e8ncia i el Museu Valenci\u00e0 d\u2019Etnologia acolliran del 23 al 25 de juliol del 2019 el II Congr\u00e9s Internacional de Musicologia: \u00abLa Mediterr\u00e0nia: sons migrants\u00bb, que organitza l\u2019Associaci\u00f3 Valenciana de Musicologia (AVAMUS).<\/p>\n<p>L\u2019esdeveniment, amb un enfocament interdisciplinari, girar\u00e0 al voltant de quatre eixos tem\u00e0tics: paisatges sonors, suports, relats i di\u00e0spora, i pret\u00e9n ser la continuaci\u00f3 del I Congr\u00e9s Internacional \u201cLa M\u00fasica a la Mediterr\u00e0nia Occidental: xarxa de comunicaci\u00f3 intercultural\u201d, celebrat a la Societat Coral El Micalet el 2014.<\/p>\n<p>El congr\u00e9s comptar\u00e0 amb cinc confer\u00e8ncies plen\u00e0ries, dos panells tem\u00e0tics, m\u00e9s de vint comunicacions lliures, una exposici\u00f3 sobre \u00abEls misteris assumpcionistes d\u2019Elx, Val\u00e8ncia i Castell\u00f3\u00bb (AVL) i dos concerts, als quals assistiran music\u00f2legs i investigadors d\u2019altres disciplines de diversos pa\u00efsos.<\/p>\n<p>Hi seran presents professors del CSIC, de la UV, Cambridge, Ven\u00e8cia, Berna i Lisboa, entre d\u2019altres. Tamb\u00e9 s\u2019acollir\u00e0 la reuni\u00f3 del grup \u00abMediterranean Music Studies\u00bb de la International Musicological Society (IMS) coordinat per Dinko Fabris (Last President 2017-2022), el qual promou la investigaci\u00f3 sobre temes musicals en l\u2019entorn mediterrani.<\/p>\n<p>Segons declara el president d\u2019AVAMUS, Abel Puig, \u00ab<em>el comit\u00e8 organitzador persegueix l\u2019objectiu de teixir noves complicitats que repensen el paper social dels sons a la Mediterr\u00e0nia, a trav\u00e9s de la hist\u00f2ria i en la contemporane\u00eftat i, en conseq\u00fc\u00e8ncia, de la mateixa disciplina com a productora de narratives<\/em>\u00bb. A m\u00e9s, AVAMUS destaca la implicaci\u00f3 d\u2019altres entitats que s\u2019han sumat a l\u2019organitzaci\u00f3 del congr\u00e9s, com ara: l\u2019Institut Valenci\u00e0 de Cultura (IVC), el Vicerectorat de Cultura i el de Projecci\u00f3 Territorial i Societat (UV), l\u2019Institut Superior d\u2019Ensenyances Art\u00edstiques Comunitat Valenciana (ISEACV), el Departament de Filologia Francesa i Italiana (UV), el Museu Valenci\u00e0 d\u2019Etnologia i l\u2019Acad\u00e8mia Valenciana de la Llengua (AVL).<\/p>\n<p>AVAMUS \u00e9s una entitat sense \u00e0nim de lucre que va ser creada l\u2019any 2005 amb la finalitat de proporcionar un marc de trobada i cohesi\u00f3 per a totes aquelles persones interessades en la Musicologia, fomentar la investigaci\u00f3 musical i promoure l\u2019estudi, la recuperaci\u00f3 i la difusi\u00f3 del patrimoni musical valenci\u00e0. La inscripci\u00f3 al congr\u00e9s es pot realitzar des del web de l\u2019associaci\u00f3 <a href=\"https:\/\/avamus.org\/ca\/congres-2019\/\" target=\"_blank\" rel=\"noopener noreferrer\">https:\/\/avamus.org\/ca\/congres-2019\/<\/a>, on es pot consultar tota la informaci\u00f3 relativa a l\u2019esdeveniment.<\/p>\n","protected":false},"excerpt":{"rendered":"<p>El Centre Cultural La Nau de Val\u00e8ncia i el Museu Valenci\u00e0 d\u2019Etnologia acolliran del 23 al 25 de juliol del 2019 el II Congr\u00e9s Internacional de Musicologia: \u00abLa Mediterr\u00e0nia: sons migrants\u00bb, que organitza l\u2019Associaci\u00f3 Valenciana de Musicologia (AVAMUS).<\/p>\n","protected":false},"author":2,"featured_media":0,"comment_status":"closed","ping_status":"closed","sticky":false,"template":"","format":"standard","meta":{"footnotes":""},"categories":[10],"tags":[],"class_list":["post-13318","post","type-post","status-publish","format-standard","hentry","category-musica-a-la-llum"],"_links":{"self":[{"href":"https:\/\/fsmcv.org\/vl\/wp-json\/wp\/v2\/posts\/13318","targetHints":{"allow":["GET"]}}],"collection":[{"href":"https:\/\/fsmcv.org\/vl\/wp-json\/wp\/v2\/posts"}],"about":[{"href":"https:\/\/fsmcv.org\/vl\/wp-json\/wp\/v2\/types\/post"}],"author":[{"embeddable":true,"href":"https:\/\/fsmcv.org\/vl\/wp-json\/wp\/v2\/users\/2"}],"replies":[{"embeddable":true,"href":"https:\/\/fsmcv.org\/vl\/wp-json\/wp\/v2\/comments?post=13318"}],"version-history":[{"count":0,"href":"https:\/\/fsmcv.org\/vl\/wp-json\/wp\/v2\/posts\/13318\/revisions"}],"wp:attachment":[{"href":"https:\/\/fsmcv.org\/vl\/wp-json\/wp\/v2\/media?parent=13318"}],"wp:term":[{"taxonomy":"category","embeddable":true,"href":"https:\/\/fsmcv.org\/vl\/wp-json\/wp\/v2\/categories?post=13318"},{"taxonomy":"post_tag","embeddable":true,"href":"https:\/\/fsmcv.org\/vl\/wp-json\/wp\/v2\/tags?post=13318"}],"curies":[{"name":"wp","href":"https:\/\/api.w.org\/{rel}","templated":true}]}}