{"id":13445,"date":"2019-07-30T14:15:39","date_gmt":"2019-07-30T12:15:39","guid":{"rendered":"https:\/\/fsmcv.org\/?post_type=fsmcv-noticias&#038;p=13445"},"modified":"2021-04-07T13:30:44","modified_gmt":"2021-04-07T11:30:44","slug":"aquest-dimecres-ma-a-ma-de-les-dues-bandes-centenaries-locals","status":"publish","type":"post","link":"https:\/\/fsmcv.org\/vl\/societats-musicals\/aquest-dimecres-ma-a-ma-de-les-dues-bandes-centenaries-locals\/","title":{"rendered":"Aquest dimecres, \u201cm\u00e0 a m\u00e0\u201d de les dues bandes centen\u00e0ries locals"},"content":{"rendered":"<p>Aquest dimecres 31 de juliol, vespra de la festa del patr\u00f3 de la ciutat, Sant Feliu, se celebrar\u00e0 la 49a edici\u00f3 del Festival de Bandes de M\u00fasica en el Gran Teatre de X\u00e0tiva, festival batejat com &#8216;<em>El P\u00f3rtic dels Nostres Festes&#8217;<\/em>, i que serveix com a pre\u00e0mbul de les festes Patronals i de la \u201cFira d\u2019Agost&#8221; a X\u00e0tiva. El festival s&#8217;iniciar\u00e0, amb entrada lliure, a les 22.30h, amb l&#8217;actuaci\u00f3 de la banda simf\u00f2nica de la Nova, tancar\u00e0 el festival la banda de la Primitiva Setabense que enguany assumeix l&#8217;organitzaci\u00f3 juntament amb l&#8217;Ajuntament de X\u00e0tiva.<\/p>\n<p>A les 22.00h, davant l&#8217;Ajuntament, la Reina de la Fira, Laura Mart\u00ed, imposar\u00e0 a les banderes de totes dues societats els corbatines que acrediten la seua participaci\u00f3 en aquest festival. Despr\u00e9s, La Reina i la seua Cort d&#8217;Honor, acompanyants, autoritats i representants de totes dues societats, desfilaran acompanyats per pasdobles interpretats per totes dues bandes, fins al Gran Teatre.<\/p>\n<p>Les dues societats musicals centen\u00e0ries de X\u00e0tiva, \u201c<em>La Nova<\/em>\u201d i \u201c<em>La Vella<\/em>\u201d compartiran escenari en un dels esdeveniments m\u00e9s esperats per als amants de la m\u00fasica a X\u00e0tiva i de la comarca. X\u00e0tiva \u00e9s una de les poques ciutats de la Comunitat Valenciana que pot presumir d&#8217;un \u201c<em>m\u00e0 a m\u00e0<\/em>\u201d de les dues bandes locals.<\/p>\n<p>Un dels al\u00b7licients d&#8217;aquesta edici\u00f3 \u00e9s que per al director de \u201c<em>La Vella<\/em>\u201d, Sa\u00fcl\u00a0Gomez, \u00e9s el seu primer Festival.<\/p>\n<p>La M\u00fasica Nova, oferir\u00e0, sota la direcci\u00f3 de Jose Miguel Fayos Jord\u00e1n, les obres: \u201c<em>Orient et Occident<\/em>\u201d de C. Saint-Sa\u00ebns, i \u201c<em>Gloriosa<\/em>\u201d de Y. Ito. La Primitiva Setabense interpretar\u00e0 la \u201c<em>Third Sympony, The Tragic\u201d<\/em> de J. Barnes.<br \/>\n&nbsp;<\/p>\n","protected":false},"excerpt":{"rendered":"<p>Aquest dimecres 31 de juliol, vespra de la festa del patr\u00f3 de la ciutat, Sant Feliu, se celebrar\u00e0 la 49a edici\u00f3 del Festival de Bandes de M\u00fasica en el Gran Teatre de X\u00e0tiva<\/p>\n","protected":false},"author":2,"featured_media":0,"comment_status":"closed","ping_status":"closed","sticky":false,"template":"","format":"standard","meta":{"footnotes":""},"categories":[56],"tags":[],"class_list":["post-13445","post","type-post","status-publish","format-standard","hentry","category-societats-musicals"],"_links":{"self":[{"href":"https:\/\/fsmcv.org\/vl\/wp-json\/wp\/v2\/posts\/13445","targetHints":{"allow":["GET"]}}],"collection":[{"href":"https:\/\/fsmcv.org\/vl\/wp-json\/wp\/v2\/posts"}],"about":[{"href":"https:\/\/fsmcv.org\/vl\/wp-json\/wp\/v2\/types\/post"}],"author":[{"embeddable":true,"href":"https:\/\/fsmcv.org\/vl\/wp-json\/wp\/v2\/users\/2"}],"replies":[{"embeddable":true,"href":"https:\/\/fsmcv.org\/vl\/wp-json\/wp\/v2\/comments?post=13445"}],"version-history":[{"count":0,"href":"https:\/\/fsmcv.org\/vl\/wp-json\/wp\/v2\/posts\/13445\/revisions"}],"wp:attachment":[{"href":"https:\/\/fsmcv.org\/vl\/wp-json\/wp\/v2\/media?parent=13445"}],"wp:term":[{"taxonomy":"category","embeddable":true,"href":"https:\/\/fsmcv.org\/vl\/wp-json\/wp\/v2\/categories?post=13445"},{"taxonomy":"post_tag","embeddable":true,"href":"https:\/\/fsmcv.org\/vl\/wp-json\/wp\/v2\/tags?post=13445"}],"curies":[{"name":"wp","href":"https:\/\/api.w.org\/{rel}","templated":true}]}}