{"id":13490,"date":"2019-08-07T10:04:32","date_gmt":"2019-08-07T08:04:32","guid":{"rendered":"https:\/\/fsmcv.org\/?post_type=fsmcv-noticias&#038;p=13490"},"modified":"2021-04-07T13:29:41","modified_gmt":"2021-04-07T11:29:41","slug":"la-banda-simfonica-la-lira-castellonera-viatja-a-corea-del-sud","status":"publish","type":"post","link":"https:\/\/fsmcv.org\/vl\/societats-musicals\/la-banda-simfonica-la-lira-castellonera-viatja-a-corea-del-sud\/","title":{"rendered":"La Banda Simf\u00f2nica de La Lira Castellonera viatja a Corea del Sud"},"content":{"rendered":"<p>La Lira Castellonera, despr\u00e9s de la seua brillant\u00edssima actuaci\u00f3 al Certamen de Bandes de M\u00fasica, empr\u00e9n una nova fase del seu projecte &#8220;Els anells ingr\u00e0vids&#8221;: la participaci\u00f3 en el\u00a0<span class=\"hiddenSpellError\">JIWEF<\/span>\u00a0de l&#8217;illa de\u00a0<span class=\"hiddenSpellError\">Jeju<\/span>\u00a0a Corea del Sud del 8 al 16 d&#8217;agost.<\/p>\n<p>La Lira Castellonera ser\u00e0 la primera banda espanyola que participa en aquest festival internacional. La Lira actuar\u00e0 en 5 concerts amb programes diferents i acompanyant solistes internacionals, com Eric\u00a0<span class=\"hiddenSpellError\">Aubier<\/span>,\u00a0<span class=\"hiddenSpellError\">YehShu<\/span>\u00a0Han,\u00a0<span class=\"hiddenSpellError\">Rex<\/span>\u00a0<span class=\"hiddenSpellError\">Richardson<\/span>,\u00a0<span class=\"hiddenSpellError\">Spanish<\/span>\u00a0<span class=\"hiddenSpellError\">Brass<\/span>\u00a0o\u00a0<span class=\"hiddenSpellError\">Alberto<\/span>\u00a0<span class=\"hiddenSpellError\">Urretxo<\/span>\u00a0entre d&#8217;altres.<\/p>\n<p><strong>Els anells ingr\u00e0vids<\/strong><\/p>\n<p>L&#8217;any passat la Lira Castellonera va rebre l&#8217;excepcional invitaci\u00f3 per participar en el\u00a0<span class=\"hiddenSpellError\">Jeju<\/span>\u00a0<span class=\"hiddenSpellError\">International<\/span>\u00a0<span class=\"hiddenSpellError\">Wind<\/span>\u00a0Ensemble Festival. Fruit d&#8217;aix\u00f2 es va plantejar un repte: la participaci\u00f3 en les millors condiciones art\u00edstiques i econ\u00f2miques possibles no sols en aquest festival\u00a0sin\u00f3\u00a0tamb\u00e9 en el Certamen Internacional de Bandes de M\u00fasica de Val\u00e8ncia 2019.<\/p>\n<p>&#8220;Els anells ingr\u00e0vids&#8221; \u00e9s el t\u00edtol del projecte que la Lira Castellonera va donar a aquest repte. Despr\u00e9s de participar en el\u00a0<span class=\"hiddenSpellError\">CIBM<\/span> 2019 on va obtenir el 2n premi, viatja a hores d&#8217;ara a Corea amb el repte aconseguit gr\u00e0cies a un nombr\u00f3s grup de persones, entitats i associacions que han recolzat el projecte amb un esperit altruista encomiable i exemplar.<\/p>\n<p>&nbsp;<\/p>\n<p>&nbsp;<\/p>\n<p>&nbsp;<\/p>\n<p>&nbsp;<\/p>\n","protected":false},"excerpt":{"rendered":"<p>La Lira Castellonera ser\u00e0 la primera banda espanyola que participa en el festival internacional JIWEF<\/p>\n","protected":false},"author":2,"featured_media":0,"comment_status":"closed","ping_status":"closed","sticky":false,"template":"","format":"standard","meta":{"footnotes":""},"categories":[56],"tags":[],"class_list":["post-13490","post","type-post","status-publish","format-standard","hentry","category-societats-musicals"],"_links":{"self":[{"href":"https:\/\/fsmcv.org\/vl\/wp-json\/wp\/v2\/posts\/13490","targetHints":{"allow":["GET"]}}],"collection":[{"href":"https:\/\/fsmcv.org\/vl\/wp-json\/wp\/v2\/posts"}],"about":[{"href":"https:\/\/fsmcv.org\/vl\/wp-json\/wp\/v2\/types\/post"}],"author":[{"embeddable":true,"href":"https:\/\/fsmcv.org\/vl\/wp-json\/wp\/v2\/users\/2"}],"replies":[{"embeddable":true,"href":"https:\/\/fsmcv.org\/vl\/wp-json\/wp\/v2\/comments?post=13490"}],"version-history":[{"count":0,"href":"https:\/\/fsmcv.org\/vl\/wp-json\/wp\/v2\/posts\/13490\/revisions"}],"wp:attachment":[{"href":"https:\/\/fsmcv.org\/vl\/wp-json\/wp\/v2\/media?parent=13490"}],"wp:term":[{"taxonomy":"category","embeddable":true,"href":"https:\/\/fsmcv.org\/vl\/wp-json\/wp\/v2\/categories?post=13490"},{"taxonomy":"post_tag","embeddable":true,"href":"https:\/\/fsmcv.org\/vl\/wp-json\/wp\/v2\/tags?post=13490"}],"curies":[{"name":"wp","href":"https:\/\/api.w.org\/{rel}","templated":true}]}}