{"id":13576,"date":"2019-08-27T10:03:18","date_gmt":"2019-08-27T08:03:18","guid":{"rendered":"https:\/\/fsmcv.org\/?post_type=fsmcv-noticias&#038;p=13576"},"modified":"2021-04-06T16:33:53","modified_gmt":"2021-04-06T14:33:53","slug":"exito-agrupacion-musico-cultural-virgen-loreto-bejis-concierto-aire-libre","status":"publish","type":"post","link":"https:\/\/fsmcv.org\/vl\/societats-musicals\/exito-agrupacion-musico-cultural-virgen-loreto-bejis-concierto-aire-libre\/","title":{"rendered":"\u00c8xit de l&#8217;Agrupaci\u00f3n M\u00fasico-Cultural Virgen de Loreto de Beg\u00eds en el seu tradicional concert a l&#8217;aire lliure"},"content":{"rendered":"<p>L&#8217;Agrupaci\u00f3n M\u00fasico-Cultural Virgen de Loreto va celebrar el passat dissabte 24 d&#8217;agost el seu tradicional concert a l&#8217;aire lliure en el centre del municipi de Beg\u00eds.<\/p>\n<p>La banda, dirigida des del passat mes de desembre per Eros Quesada, va comen\u00e7ar la nit amb el pasdoble <em>Las Arenas<\/em> del compositor de Xiva, Manuel Morales, amb una tem\u00e0tica centrada en la hist\u00f2ria del complex d&#8217;oci i bany de la ciutat de Val\u00e8ncia. Posteriorment, es va interpretar <em>La veu de la trompeta<\/em> del director i compositor Ferrer Ferran, amb l&#8217;estrena del jove m\u00fasic Yeray Tortajada com a solista.<\/p>\n<p>L&#8217;obra central del concert va ser el poema simf\u00f2nic <em>The Island of de light<\/em> de l&#8217;autor de Cartagena, Jos\u00e9 Alberto Pina, i on es narren tres hist\u00f2ries relatives a l&#8217;illa de Menorca. Per a finalitzar els components de la formaci\u00f3 van interpretar l&#8217;<em>Himne Regional Valenci\u00e0<\/em> del mestre Jos\u00e9 Serrano.<\/p>\n<h3>Banda de l&#8217;AMC Virgen de Loreto<\/h3>\n<p>La banda representa un pilar fonamental en la vida de la localitat, ja que suma 40 m\u00fasics en una poblaci\u00f3 que no arriba als 400 habitants. Va ser creada fa 67 anys i es troba en un dels seus millors moments.<\/p>\n<p>En l&#8217;actualitat pertany a l&#8217;Escola de m\u00fasica de la Mancomunitat de l&#8217;Alt Pal\u00e0ncia.<\/p>\n<p>En 2017 va aconseguir al\u00e7ar-se amb el primer premi i l&#8217;esment d&#8217;honor en quarta categoria del Certamen de Bandes de la Comunitat Valenciana.<\/p>\n<hr \/>\n<p>Fotografia: Luis Gin\u00e8s<\/p>\n<p>Basat en el text original de Magda L\u00e1zaro<\/p>\n","protected":false},"excerpt":{"rendered":"<p>M\u00e9s de quaranta m\u00fasics van participar dirigits per Eros Quesada en l&#8217;\u00fanic concert de l&#8217;any en qu\u00e8 l&#8217;Agrupaci\u00f3n Musical actua a l&#8217;aire lliure en el centre de la poblaci\u00f3.<\/p>\n","protected":false},"author":2,"featured_media":0,"comment_status":"closed","ping_status":"closed","sticky":false,"template":"","format":"standard","meta":{"footnotes":""},"categories":[56],"tags":[],"class_list":["post-13576","post","type-post","status-publish","format-standard","hentry","category-societats-musicals"],"_links":{"self":[{"href":"https:\/\/fsmcv.org\/vl\/wp-json\/wp\/v2\/posts\/13576","targetHints":{"allow":["GET"]}}],"collection":[{"href":"https:\/\/fsmcv.org\/vl\/wp-json\/wp\/v2\/posts"}],"about":[{"href":"https:\/\/fsmcv.org\/vl\/wp-json\/wp\/v2\/types\/post"}],"author":[{"embeddable":true,"href":"https:\/\/fsmcv.org\/vl\/wp-json\/wp\/v2\/users\/2"}],"replies":[{"embeddable":true,"href":"https:\/\/fsmcv.org\/vl\/wp-json\/wp\/v2\/comments?post=13576"}],"version-history":[{"count":0,"href":"https:\/\/fsmcv.org\/vl\/wp-json\/wp\/v2\/posts\/13576\/revisions"}],"wp:attachment":[{"href":"https:\/\/fsmcv.org\/vl\/wp-json\/wp\/v2\/media?parent=13576"}],"wp:term":[{"taxonomy":"category","embeddable":true,"href":"https:\/\/fsmcv.org\/vl\/wp-json\/wp\/v2\/categories?post=13576"},{"taxonomy":"post_tag","embeddable":true,"href":"https:\/\/fsmcv.org\/vl\/wp-json\/wp\/v2\/tags?post=13576"}],"curies":[{"name":"wp","href":"https:\/\/api.w.org\/{rel}","templated":true}]}}