{"id":13580,"date":"2019-08-28T08:52:49","date_gmt":"2019-08-28T06:52:49","guid":{"rendered":"https:\/\/fsmcv.org\/?post_type=fsmcv-noticias&#038;p=13580"},"modified":"2021-04-06T16:31:30","modified_gmt":"2021-04-06T14:31:30","slug":"concierto-asociacion-musical-virgen-del-rosario-dos-aguas-fiestas-patronales","status":"publish","type":"post","link":"https:\/\/fsmcv.org\/vl\/societats-musicals\/concierto-asociacion-musical-virgen-del-rosario-dos-aguas-fiestas-patronales\/","title":{"rendered":"Exit\u00f3s concert de l&#8217;Asociaci\u00f3n Musical &#8220;Virgen del Rosario&#8221; de Dos Aguas a les Festes Patronals del municipi"},"content":{"rendered":"<p>Dimarts passat 20 d&#8217;agost, la Banda de M\u00fasica de l&#8217;Asociaci\u00f3n Musical &#8220;Virgen del Rosario&#8221; de Dos Aguas va oferir el seu tradicional concert emmarcat dins del programa de les Festes Patronals d&#8217;aquesta poblaci\u00f3. Va destacar la gran assist\u00e8ncia de p\u00fablic, entre ell, Jos\u00e9 Grau, alcalde de Dos Aguas, Ricardo Sales, president comarcal de la Federaci\u00f3 de Societats Musicals de la Comunitat Valenciana per la comarca de la Foia de Bunyol-Xiva, aix\u00ed com diversos membres de juntes directives de Societats Musicals lim\u00edtrofes.<\/p>\n<p>El concert va resultar un rotund \u00e8xit, destacant en el seu programa la representaci\u00f3 de l&#8217;\u00f2pera <em>Els tres penics<\/em> del compositor alemany Kurt Weill amb llibret de Bertolt Brecht. Per a aquesta representaci\u00f3, la Banda de M\u00fasica de Dos Aguas, va comptar amb la pres\u00e8ncia i participaci\u00f3 de la soprano Mireia L\u00f3pez L\u00f3pez, qui va ser l&#8217;encarregada de donar veu i vida als personatges que en aquesta \u00f2pera apareixen: el pregoner, la Sra. Peachum, Polly o de Mack el navalla.<\/p>\n<p>Per a aquesta representaci\u00f3 tamb\u00e9 es va comptar amb la col\u00b7laboraci\u00f3 del dramaturg i actor Albert Mart\u00ednez Artero, qui va elaborar uns textos, a manera d&#8217;introducci\u00f3, interludis i tancament, destacant un sonet final, creats <em>ex profeso<\/em> per a aquesta ocasi\u00f3. Ell mateix va ser l&#8217;encarregat de narrar-los, aix\u00ed com de dissenyar l&#8217;escenografia i posada en escena que es va poder observar.<\/p>\n<p>Aquesta \u00f2pera va estar dirigida pel director Javier Fern\u00e1ndez Hern\u00e1ndez, qui va manifestar sentir-se molt orgull\u00f3s dels m\u00fasics integrants de la Banda de M\u00fasica de Dos Aguas pel magn\u00edfic treball que van fer per a aconseguir aqueix gran repte. En aquesta poblaci\u00f3 era la primera vegada que es representava una \u00f2pera, per la qual cosa existia un cert comprom\u00eds major a l&#8217;habitual de qualsevol concert, els m\u00fasics i artistes convidats van saber estar a l&#8217;altura i aix\u00ed ho va fer saber i agrair el seu director.<\/p>\n<p><img fetchpriority=\"high\" decoding=\"async\" class=\"aligncenter size-full wp-image-13581\" src=\"https:\/\/fsmcv.org\/BTnet-storage\/wp-uploads\/2019\/08\/4.jpg\" alt=\"\" width=\"960\" height=\"487\" title=\"\"><\/p>\n<p>Despr\u00e9s d&#8217;aquesta representaci\u00f3 va tindre lloc l&#8217;estrena del pasdoble <em>A la cuenca del J\u00facar<\/em>, compost pel propi director de l&#8217;A.M. &#8220;Virgen del Rosario&#8221; de Dos Aguas, Javier Fern\u00e1ndez Hern\u00e1ndez i dedicat a la mateixa associaci\u00f3 musical. El concert es va tancar amb la interpretaci\u00f3 de l&#8217;<em>Himno de Dos Aguas<\/em>, versionat recentment per a aquest tipus d&#8217;esdeveniments pel mestre Norman Milan\u00e9s Moreno, qui va ser director convidat fa un any per la Banda de Dos Aguas.<\/p>\n","protected":false},"excerpt":{"rendered":"<p>Va destacar en el seu programa la representaci\u00f3 de l&#8217;\u00f2pera &#8220;Els tres penics&#8221; del compositor alemany Kurt Weill amb llibret de Bertolt Brecht.<\/p>\n","protected":false},"author":2,"featured_media":0,"comment_status":"closed","ping_status":"closed","sticky":false,"template":"","format":"standard","meta":{"footnotes":""},"categories":[56],"tags":[],"class_list":["post-13580","post","type-post","status-publish","format-standard","hentry","category-societats-musicals"],"_links":{"self":[{"href":"https:\/\/fsmcv.org\/vl\/wp-json\/wp\/v2\/posts\/13580","targetHints":{"allow":["GET"]}}],"collection":[{"href":"https:\/\/fsmcv.org\/vl\/wp-json\/wp\/v2\/posts"}],"about":[{"href":"https:\/\/fsmcv.org\/vl\/wp-json\/wp\/v2\/types\/post"}],"author":[{"embeddable":true,"href":"https:\/\/fsmcv.org\/vl\/wp-json\/wp\/v2\/users\/2"}],"replies":[{"embeddable":true,"href":"https:\/\/fsmcv.org\/vl\/wp-json\/wp\/v2\/comments?post=13580"}],"version-history":[{"count":0,"href":"https:\/\/fsmcv.org\/vl\/wp-json\/wp\/v2\/posts\/13580\/revisions"}],"wp:attachment":[{"href":"https:\/\/fsmcv.org\/vl\/wp-json\/wp\/v2\/media?parent=13580"}],"wp:term":[{"taxonomy":"category","embeddable":true,"href":"https:\/\/fsmcv.org\/vl\/wp-json\/wp\/v2\/categories?post=13580"},{"taxonomy":"post_tag","embeddable":true,"href":"https:\/\/fsmcv.org\/vl\/wp-json\/wp\/v2\/tags?post=13580"}],"curies":[{"name":"wp","href":"https:\/\/api.w.org\/{rel}","templated":true}]}}