{"id":13628,"date":"2019-09-14T21:55:51","date_gmt":"2019-09-14T19:55:51","guid":{"rendered":"https:\/\/fsmcv.org\/?post_type=fsmcv-noticias&#038;p=13628"},"modified":"2020-09-27T18:16:06","modified_gmt":"2020-09-27T18:16:06","slug":"biografia-musiescola-premi-al-projecte-educatiu-musical","status":"publish","type":"post","link":"https:\/\/fsmcv.org\/vl\/certamens\/biografia-musiescola-premi-al-projecte-educatiu-musical\/","title":{"rendered":"Biografia: MUSIESCOLA, Premi al projecte educatiu musical"},"content":{"rendered":"<p>La Federaci\u00f3 de Societats Musicals de la Comunitat Valenciana (FSMCV), en col\u00b7laboraci\u00f3 amb el Institut Valenci\u00e0 de Cultura (IVC) i el patrocini de Bankia, ha reconegut sis projectes d&#8217;excel\u00b7l\u00e8ncia musical en les cinc categories de la segona edici\u00f3 de la gala dels \u2018Premis Bankia al Talent Musical a la Comunitat Valenciana\u2019.<\/p>\n<p><b>Premi al projecte educatiu musical (ex aequo): MUSIESCOLA, \u201cL&#8217;apoderament de la m\u00fasica a les escoles\u201d<\/b><\/p>\n<p>Musiescola \u00e9s un projecte col\u00b7laboratiu intercentres que naix a partir de la iniciativa d&#8217;un col\u00b7lectiu de mestres d&#8217;Educaci\u00f3 musical que pretenien conjuminar tots els esfor\u00e7os per a dur a terme una jornada anual de conviv\u00e8ncia musical escolar per a lluitar contra el frac\u00e0s escolar a trav\u00e9s de la m\u00fasica. D&#8217;aquesta manera, es pretenia fer un treball divulgatiu que ressaltara la import\u00e0ncia de l&#8217;educaci\u00f3 musical per a despertar i desenvolupar les facultats humanes (Willems, 1981), i per a aconseguir una educaci\u00f3 integral.<br \/>\nMUSIESCOLA va comen\u00e7ar sent una trobada musical i escolar on van participar 8 centres educatius de la comarca de la Safor-Valldigna i al voltant de 600 alumnes en 2015. Amb el temps, Musiescola ha anat incorporant progressivament m\u00e9s alumnat, m\u00e9s centres educatius, m\u00e9s localitats, m\u00e9s professorat, institucions, AMPAS, associacions sense \u00e0nim de lucre, ONG, associacions musicals, comunitats educatives i empreses diverses arribant a convertir-se en una xarxa educativa formada per quasi 50 escoles, m\u00e9s de 60 mestres d&#8217;educaci\u00f3 Musical i un projecte musical complex on en 2019 han participat de manera directa m\u00e9s de 1600 alumnes i 150 mestres d&#8217;Educaci\u00f3 Prim\u00e0ria provinents de centres educatius de m\u00e9s de 30 localitats valencianes.<br \/>\nDes d&#8217;un principi, es van obrir les portes de les escoles i de les aules de m\u00fasica i es va aconseguir traure la m\u00fasica al carrer amb propostes educatives musicals que es fan a les escoles. Es volia tamb\u00e9 donar a con\u00e9ixer tot el que es pot aconseguir amb alumnat de qualsevol condici\u00f3 social, cultural i nivell acad\u00e8mic mitjan\u00e7ant la m\u00fasica. En definitiva, mostrar la labor que fan els\/les mestres de m\u00fasica i el seu alumnat a l&#8217;escola cada dia i fer-ho cooperativa i colaborativamente entre tots.<br \/>\nDespr\u00e9s de cinc edicions, Musiescola s&#8217;ha convertit en un agent socialitzador que contribueix a la integraci\u00f3 art\u00edstica grupal creant lla\u00e7os afectius, facilitant la cooperaci\u00f3, el treball en equip, fomentant la socialitzaci\u00f3 i les relacions interpersonals, el treball emocional i en valors, valorant el talent innat, la coeducaci\u00f3, la inclusi\u00f3, millorant la conviv\u00e8ncia, i arribant al fet que es formen altres projectes alternatius i transversals mitjan\u00e7ant el cant, la pr\u00e0ctica instrumental, la creaci\u00f3, la improvisaci\u00f3, la dansa, l&#8217;expressi\u00f3 corporal en grup i l&#8217;art en general. Musiescola facilita la interacci\u00f3 d&#8217;idees i propostes innovadores, enriquint-se de l&#8217;experi\u00e8ncia col\u00b7lectiva i compartida.<br \/>\nSens dubte, aquest projecte ha millorat la qualitat del proc\u00e9s d&#8217;ensenyament- aprenentatge promovent la igualtat d&#8217;oportunitats de tot l&#8217;alumnat, atenent la seua diversitat, pal\u00b7liant i prevenint situacions de desavantatge, marginaci\u00f3 i exclusi\u00f3 social, de manera que tothom pot desenvolupar les seues capacitats potencials per a afrontar amb \u00e8xit l&#8217;escolaritat des d&#8217;un punt de vista inclusiu per a aconseguir una millor qualitat de vida (Bisquerra, 2000).<\/p>\n","protected":false},"excerpt":{"rendered":"<p>La Federaci\u00f3 de Societats Musicals de la Comunitat Valenciana (FSMCV), en col\u00b7laboraci\u00f3 amb el Institut Valenci\u00e0 de Cultura (IVC) i el patrocini de Bankia, ha reconegut sis projectes d&#8217;excel\u00b7l\u00e8ncia musical en les cinc categories de la segona edici\u00f3 de la gala dels \u2018Premis Bankia al Talent Musical a la Comunitat Valenciana\u2019. Premi al projecte educatiu [&hellip;]<\/p>\n","protected":false},"author":2,"featured_media":0,"comment_status":"closed","ping_status":"closed","sticky":false,"template":"","format":"standard","meta":{"footnotes":""},"categories":[1],"tags":[],"class_list":["post-13628","post","type-post","status-publish","format-standard","hentry","category-certamenes"],"_links":{"self":[{"href":"https:\/\/fsmcv.org\/vl\/wp-json\/wp\/v2\/posts\/13628","targetHints":{"allow":["GET"]}}],"collection":[{"href":"https:\/\/fsmcv.org\/vl\/wp-json\/wp\/v2\/posts"}],"about":[{"href":"https:\/\/fsmcv.org\/vl\/wp-json\/wp\/v2\/types\/post"}],"author":[{"embeddable":true,"href":"https:\/\/fsmcv.org\/vl\/wp-json\/wp\/v2\/users\/2"}],"replies":[{"embeddable":true,"href":"https:\/\/fsmcv.org\/vl\/wp-json\/wp\/v2\/comments?post=13628"}],"version-history":[{"count":0,"href":"https:\/\/fsmcv.org\/vl\/wp-json\/wp\/v2\/posts\/13628\/revisions"}],"wp:attachment":[{"href":"https:\/\/fsmcv.org\/vl\/wp-json\/wp\/v2\/media?parent=13628"}],"wp:term":[{"taxonomy":"category","embeddable":true,"href":"https:\/\/fsmcv.org\/vl\/wp-json\/wp\/v2\/categories?post=13628"},{"taxonomy":"post_tag","embeddable":true,"href":"https:\/\/fsmcv.org\/vl\/wp-json\/wp\/v2\/tags?post=13628"}],"curies":[{"name":"wp","href":"https:\/\/api.w.org\/{rel}","templated":true}]}}