{"id":13630,"date":"2019-09-14T21:49:44","date_gmt":"2019-09-14T19:49:44","guid":{"rendered":"https:\/\/fsmcv.org\/?post_type=fsmcv-noticias&#038;p=13630"},"modified":"2020-09-27T18:17:06","modified_gmt":"2020-09-27T18:17:06","slug":"biografia-piles-editorial","status":"publish","type":"post","link":"https:\/\/fsmcv.org\/vl\/certamens\/biografia-piles-editorial\/","title":{"rendered":"Biografia: Piles, Editorial de M\u00fasica, S. A., Premi a l&#8217;activitat empresarial"},"content":{"rendered":"<p>La Federaci\u00f3 de Societats Musicals de la Comunitat Valenciana (FSMCV), en col\u00b7laboraci\u00f3 amb el Institut Valenci\u00e0 de Cultura (IVC) i el patrocini de Bankia, ha reconegut sis projectes d&#8217;excel\u00b7l\u00e8ncia musical en les cinc categories de la segona edici\u00f3 de la gala dels \u2018Premis Bankia al Talent Musical a la Comunitat Valenciana\u2019.<\/p>\n<p><b>Premi al projecte educatiu musical (ex aequo): I.E.S. RODRIGO BOTET (MANISES, VAL\u00c8NCIA), \u2018M\u00daSICA PER A TOTS\/\u00c9S<\/b><\/p>\n<p>Piles, Editorial de M\u00fasica, S.A. va ser fundada en 1934 per Jaime Piles Estell\u00e9s, que posteriorment deixaria l&#8217;editorial en mans dels seus fills, Jaime i Jes\u00fas. Durant m\u00e9s de 80 anys, Piles s&#8217;ha especialitzat en l&#8217;edici\u00f3 i distribuci\u00f3 de partitures i materials pedag\u00f2gics. En l&#8217;actualitat compta amb una plantilla estable de 14 treballadors dels quals 8 s\u00f3n dones, la qual cosa suposa m\u00e9s del 50%.<br \/>\nEl treball dut a terme al llarg d&#8217;aquesta llarga traject\u00f2ria s&#8217;ha materialitzat en un fons propi compost per m\u00e9s de 2.100 t\u00edtols diferents. Aix\u00f2 ha sigut possible, sobretot, a l&#8217;estret vincle que els dirigents de l&#8217;editorial han mantingut al llarg d&#8217;aquestes d\u00e8cades tant amb els col\u00b7lectius i societats musicals valencianes com amb les diferents generacions de compositors valencians i espanyols en general. Una relaci\u00f3 que el fundador va mantindre amb personalitats com Jos\u00e9 Iturbi, Manuel Palau, L\u00f3pez-Chavarri, Francisco Ll\u00e1cer, Vicente Asencio, Matilde Salvador, B\u00e1guena Soler&#8230; i que els seus fills continuen i fomenten fins als nostres dies.<br \/>\nActualment l&#8217;editorial desenvolupa una fecunda labor entorn de la m\u00fasica contempor\u00e0nia, band\u00edstica, coral, orquestral, de cambra i guitarra, sense deixar de costat la publicaci\u00f3 de materials pedag\u00f2gics i musicol\u00f2gics.<br \/>\nLa traject\u00f2ria de l&#8217;editorial est\u00e0 jalonada de premis i distincions. En 1982 va ser mereixedora del Premi Nacional per a Editores Musicals a l&#8217;obra m\u00e9s destacada en l&#8217;\u00e0mbit de l&#8217;ensenyament i pedagogia musicals, atorgat pel Ministeri de Cultura. En 1989 va obtindre el Premi per a Editores d&#8217;Obres Musicals a l&#8217;edici\u00f3 m\u00e9s destacada en la contribuci\u00f3 a la pedagogia o la investigaci\u00f3 musicals de l&#8217;Institut Nacional de les Arts Esc\u00e8niques i de la M\u00fasica, pertanyent al Ministeri de Cultura. Tamb\u00e9 ha rebut el guard\u00f3 a la Millor Editorial de M\u00fasica Cl\u00e0ssica en els Premis de la M\u00fasica 2000, 2008 i 2011 atorgats per la SGAE i l&#8217;IAE, el Premi al M\u00f3n de la M\u00fasica de la Comunitat Valenciana l&#8217;any 2002 i el Premi Torsimany l&#8217;any 2012 atorgat per la Jornades Internacionals de Guitarra de Val\u00e8ncia. A m\u00e9s, l&#8217;enregistrament de l&#8217;\u00f2pera Merl\u00edn d&#8217;Isaac Alb\u00e9niz, en la recuperaci\u00f3 de la qual i edici\u00f3 Piles va tindre un paper destacat, va obtindre el Grammy Llat\u00ed al millor \u00e0lbum de M\u00fasica Cl\u00e0ssica de l&#8217;any 2001. Cal no oblidar els premis Euterpe que han rebut nombroses obres de l&#8217;editorial atorgats per la Federaci\u00f3 de Societats Musicals de la Comunitat Valenciana (FSMCV). L&#8217;\u00faltim reconeixement va procedir de la SGAE en 2017. L&#8217;editorial, al costat de cinc compositors espanyols, va ser homenatjada per les seues huit d\u00e8cades de comprom\u00eds amb la creaci\u00f3 musical de l&#8217;editorial valenciana<br \/>\nEl seu suport al fenomen de les societats musicals de la Comunitat Valenciana l&#8217;ha convertida en editorial de refer\u00e8ncia en l&#8217;edici\u00f3 de m\u00fasica per a banda, amb un repertori que abasta m\u00fasica de 110 compositors, tant cl\u00e0ssics com contemporanis. Destaca aix\u00ed mateix la seua col\u00b7laboraci\u00f3 en l&#8217;edici\u00f3 d&#8217;una gran part de la col\u00b7lecci\u00f3 Retrobem la Nostra M\u00fasica de la Diputaci\u00f3 Provincial de Val\u00e8ncia. Aix\u00ed mateix, l&#8217;editorial ha sigut l&#8217;encarregada d&#8217;editar en nombroses ocasions les obres obligades del Certamen Internacional de Bandes de M\u00fasica Ciutat de Val\u00e8ncia que organitza l&#8217;Ajuntament de la capital, aix\u00ed com en diversos cert\u00e0mens provincials de tota Espanya i enc\u00e0rrecs del Institut Valenci\u00e0 de Cultura (IVC).<\/p>\n","protected":false},"excerpt":{"rendered":"<p>La Federaci\u00f3 de Societats Musicals de la Comunitat Valenciana (FSMCV), en col\u00b7laboraci\u00f3 amb el Institut Valenci\u00e0 de Cultura (IVC) i el patrocini de Bankia, ha reconegut sis projectes d&#8217;excel\u00b7l\u00e8ncia musical en les cinc categories de la segona edici\u00f3 de la gala dels \u2018Premis Bankia al Talent Musical a la Comunitat Valenciana\u2019. Premi al projecte educatiu [&hellip;]<\/p>\n","protected":false},"author":2,"featured_media":0,"comment_status":"closed","ping_status":"closed","sticky":false,"template":"","format":"standard","meta":{"footnotes":""},"categories":[1],"tags":[],"class_list":["post-13630","post","type-post","status-publish","format-standard","hentry","category-certamenes"],"_links":{"self":[{"href":"https:\/\/fsmcv.org\/vl\/wp-json\/wp\/v2\/posts\/13630","targetHints":{"allow":["GET"]}}],"collection":[{"href":"https:\/\/fsmcv.org\/vl\/wp-json\/wp\/v2\/posts"}],"about":[{"href":"https:\/\/fsmcv.org\/vl\/wp-json\/wp\/v2\/types\/post"}],"author":[{"embeddable":true,"href":"https:\/\/fsmcv.org\/vl\/wp-json\/wp\/v2\/users\/2"}],"replies":[{"embeddable":true,"href":"https:\/\/fsmcv.org\/vl\/wp-json\/wp\/v2\/comments?post=13630"}],"version-history":[{"count":0,"href":"https:\/\/fsmcv.org\/vl\/wp-json\/wp\/v2\/posts\/13630\/revisions"}],"wp:attachment":[{"href":"https:\/\/fsmcv.org\/vl\/wp-json\/wp\/v2\/media?parent=13630"}],"wp:term":[{"taxonomy":"category","embeddable":true,"href":"https:\/\/fsmcv.org\/vl\/wp-json\/wp\/v2\/categories?post=13630"},{"taxonomy":"post_tag","embeddable":true,"href":"https:\/\/fsmcv.org\/vl\/wp-json\/wp\/v2\/tags?post=13630"}],"curies":[{"name":"wp","href":"https:\/\/api.w.org\/{rel}","templated":true}]}}