{"id":13633,"date":"2019-09-15T10:55:57","date_gmt":"2019-09-15T08:55:57","guid":{"rendered":"https:\/\/fsmcv.org\/?post_type=fsmcv-noticias&#038;p=13633"},"modified":"2021-03-26T11:55:46","modified_gmt":"2021-03-26T10:55:46","slug":"la-fsmcv-entrega-seis-galardones-en-la-segunda-edicion-de-los-premios-bankia-al-talento-musical-en-la-comunidad-valenciana","status":"publish","type":"post","link":"https:\/\/fsmcv.org\/vl\/noticies-campanyes\/premis-caixabank-al-talent-musical-en-la-comunitat-valenciana\/la-fsmcv-entrega-seis-galardones-en-la-segunda-edicion-de-los-premios-bankia-al-talento-musical-en-la-comunidad-valenciana\/","title":{"rendered":"[:es]La  FSMCV entrega seis galardones en la segunda edici\u00f3n de los \u2018Premios Bankia al talento musical en la Comunidad Valenciana\u2019[:]"},"content":{"rendered":"<p>[:es]<span style=\"font-weight: 400;\">La Federaci\u00f3n de Sociedades Musicales de la Comunidad Valenciana (FSMCV), en colaboraci\u00f3n con el Institut Valenci\u00e0 de Cultura (IVC) y el patrocinio de Bankia, ha reconocido seis proyectos de excelencia musical en las cinco categor\u00edas de la segunda edici\u00f3n de la gala de los \u2018Premios Bankia al Talento Musical en la Comunidad Valenciana\u2019.<\/span><\/p>\n<p><span style=\"font-weight: 400;\">Cada ganador ha sido premiado con 20.000 euros en met\u00e1lico, as\u00ed como con una estatuilla conmemorativa. El jurado, que ha estado compuesto por expertos de primer nivel y presidido por el vicerrector de Cultura de la Universitat de Val\u00e8ncia, Antonio Ari\u00f1o, ha elegido seis propuestas de entre casi un centenar de candidaturas presentadas.<\/span><\/p>\n<p><span style=\"font-weight: 400;\">En esta segunda edici\u00f3n, los ganadores de las cinco categor\u00edas son:<\/span><\/p>\n<ul>\n<li style=\"font-weight: 400;\"><span style=\"font-weight: 400;\">\u2018Premio al m\u00fasico valenciano\u2019: <a href=\"https:\/\/fsmcv.org\/es\/actualidad\/noticia-destacada\/biografia-francisco-coll\" target=\"_blank\" rel=\"noopener noreferrer\">Francisco Coll<\/a>\u00a0<\/span><\/li>\n<li style=\"font-weight: 400;\"><span style=\"font-weight: 400;\">\u2018Premio a la formaci\u00f3n musical valenciana de car\u00e1cter profesional\u2019: <a href=\"https:\/\/t.co\/uETB0t2gGu\" target=\"_blank\" rel=\"noopener noreferrer\">Amores, grup de percussi\u00f3<\/a>.<\/span><\/li>\n<li style=\"font-weight: 400;\"><span style=\"font-weight: 400;\">\u2018Premio al investigador valenciano\u2019: <a href=\"https:\/\/fsmcv.org\/actualidad\/otras-noticias\/biografia-guadalupe-lopez\" target=\"_blank\" rel=\"noopener noreferrer\">Guadalupe L\u00f3pez<\/a><\/span><\/li>\n<li style=\"font-weight: 400;\"><span style=\"font-weight: 400;\">\u2018Premio al proyecto educativo musical\u2019: han recibido el premio \u2018ex aequo\u2019<\/span> <span style=\"font-weight: 400;\">el <a href=\"https:\/\/fsmcv.org\/actualidad\/otras-noticias\/biografia-ies-rodrigo-botet-premi-al-projecte-educatiu-musical-ex-aequo\" target=\"_blank\" rel=\"noopener noreferrer\">I.E.S. Rodrigo Botet<\/a> de Manises (por el proyecto \u2018M\u00fasica per a tot\/es\u2019) y <a href=\"https:\/\/fsmcv.org\/actualidad\/otras-noticias\/biografia-musiescola-premi-al-projecte-educatiu-musical\" target=\"_blank\" rel=\"noopener noreferrer\">Musiescola<\/a> (por el proyecto \u2018L\u2019empoderament de la m\u00fasica a les escoles\u2019).<\/span><\/li>\n<li style=\"font-weight: 400;\"><span style=\"font-weight: 400;\">\u2018Premio a la actividad empresarial o emprendedora relacionada con la m\u00fasica\u2019: <a href=\"https:\/\/fsmcv.org\/actualidad\/otras-noticias\/biografia-piles-editorial\" target=\"_blank\" rel=\"noopener noreferrer\">Piles<\/a>, editorial de m\u00fasica, S.A.<\/span><\/li>\n<\/ul>\n<p>&nbsp;<\/p>\n<p><span style=\"font-weight: 400;\">El objetivo de estos premios, que tienen una periodicidad bienal, es apoyar el desarrollo de la sociedad valenciana a trav\u00e9s del reconocimiento de las personas y entidades que est\u00e1n desarrollando proyectos de excelencia de referencia nacional e internacional en los diferentes \u00e1mbitos de la m\u00fasica.<\/span><\/p>\n<p><span style=\"font-weight: 400;\">\u201cDesde FSMCV estamos muy satisfechos con la gran acogida que ha tenido esta segunda edici\u00f3n de los \u2018Premios Bankia al Talento Musical en la Comunidad Valenciana\u2019. No s\u00f3lo por la gran cantidad de candidaturas recibidas, sino por la extraordinaria calidad de los proyectos presentados. Y esto sirve nuevamente para recordar que \u00e9sta es una tierra de m\u00fasica y de m\u00fasicos por excelencia. Y desde FSMCV y gracias a la colaboraci\u00f3n con el IVC y el patrocinio de Bankia, dentro de la campa\u00f1a \u2018Bankia Escolta Valencia\u2019 podemos llevar a cabo iniciativas como \u00e9sta, tan necesarias para reconocer ese talento musical que los valencianos llevamos en nuestro ADN y que exportamos al resto del mundo\u201d, ha destacado Daniela Gonz\u00e1lez, presidenta de la FSMCV.<\/span><\/p>\n<p><span style=\"font-weight: 400;\">El director corporativo de la Territorial de Bankia en Valencia y Castell\u00f3n, Jaime Casas, ha subryado que \u201cla celebraci\u00f3n de esta segunda edici\u00f3n consolida unos premios que ya son referente y muestra indudable del compromiso de Bankia con la m\u00fasica en la Comunidad Valenciana porque estamos convencidos de que es uno de los grandes valores de nuestra tierra y un elemento vertebrador de tres provincias sin las que no podemos concebir el banco\u201d.<\/span><\/p>\n<p><span style=\"font-weight: 400;\">Raquel Tamarit, secretaria Auton\u00f3mica de Cultura y Educaci\u00f3n, ha remarcado \u201cla colaboraci\u00f3n estrecha y fruct\u00edfera entre las tres entidades\u201d y ha se\u00f1alado que \u201clos \u2018Premios Bankia al Talento Musical\u2019 complementan a la perfecci\u00f3n los Premios Carles Santos de la M\u00fasica Valenciana puesto que tienen una perspectiva a largo plazo, reconociendo bianualmente carreras art\u00edsticas ya consolidadas y tambi\u00e9n poniendo en valor las empresas, los investigadores y de todas aquellas personas que trabajan por la innovaci\u00f3n en el mundo de la m\u00fasica valenciana\u201d.<\/span><\/p>\n<p><span style=\"font-weight: 400;\">La gala, que se ha celebrado en el Palacio de Congresos de Valencia, ha contado con las actuaciones en directo de los grupos valencianos Spanish Brass y P\u00farpura Pansa, as\u00ed como con un sentido homenaje al fallecido Carles Santos, ganador del \u2018Premio al M\u00fasico Valenciano\u2019 en la anterior edici\u00f3n.<\/span><\/p>\n<p>&nbsp;<\/p>\n<p><b>Sobre el jurado<\/b><\/p>\n<p><span style=\"font-weight: 400;\">El Institut Valenci\u00e0 de Cultura, Bankia y la Federaci\u00f3n de Sociedades Musicales de la Comunitat Valenciana han reunido un jurado de primer nivel para la segunda edici\u00f3n de los \u2018Premios Bankia al Talento Musical en la Comunidad Valenciana\u2019.\u00a0<\/span><\/p>\n<p><span style=\"font-weight: 400;\">Presidido por el catedr\u00e1tico y vicerrector de Cultura de la Universitat de Val\u00e8ncia, Antonio Ari\u00f1o, el jurado ha estado integrado por expertos como el profesor de la Universitat de Val\u00e8ncia Adolf Murillo, que trabajaba en el IES Arabista Ribera de Carcaixent, premiado en la primera edici\u00f3n de los premios.\u00a0<\/span><\/p>\n<p><span style=\"font-weight: 400;\">Lo han integrado, adem\u00e1s, el profesor y empresario Carles Subiela, tambi\u00e9n premiado en la primera edici\u00f3n; la profesora de Canto del CSM J. Rodrigo de Val\u00e8ncia, Ana Luisa Chova; la profesora de Did\u00e1ctica de la M\u00fasica de la Universidad del Pa\u00eds Vasco, Maravillas D\u00edaz; el prestigioso director de orquesta Crist\u00f3bal Soler, uno de los maestros m\u00e1s destacados de su generaci\u00f3n en el \u00e1mbito internacional y, a su vez, responsable del proyecto orquestal de la FSMCV y director de la Joven Orquesta Sinf\u00f3nica de la misma; y la periodista valenciana Am\u00e0lia Garrig\u00f3s.<\/span>[:]<\/p>\n","protected":false},"excerpt":{"rendered":"<p>[:es]La Federaci\u00f3n de Sociedades Musicales de la Comunidad Valenciana (FSMCV), en colaboraci\u00f3n con el Institut Valenci\u00e0 de Cultura (IVC) y el patrocinio de Bankia, ha reconocido seis proyectos de excelencia musical en las cinco categor\u00edas de la segunda edici\u00f3n de la gala de los \u2018Premios Bankia al Talento Musical en la Comunidad Valenciana\u2019. Cada ganador [&hellip;]<\/p>\n","protected":false},"author":2,"featured_media":0,"comment_status":"closed","ping_status":"closed","sticky":false,"template":"","format":"standard","meta":{"footnotes":""},"categories":[34],"tags":[],"class_list":["post-13633","post","type-post","status-publish","format-standard","hentry","category-premis-caixabank-al-talent-musical-en-la-comunitat-valenciana"],"_links":{"self":[{"href":"https:\/\/fsmcv.org\/vl\/wp-json\/wp\/v2\/posts\/13633","targetHints":{"allow":["GET"]}}],"collection":[{"href":"https:\/\/fsmcv.org\/vl\/wp-json\/wp\/v2\/posts"}],"about":[{"href":"https:\/\/fsmcv.org\/vl\/wp-json\/wp\/v2\/types\/post"}],"author":[{"embeddable":true,"href":"https:\/\/fsmcv.org\/vl\/wp-json\/wp\/v2\/users\/2"}],"replies":[{"embeddable":true,"href":"https:\/\/fsmcv.org\/vl\/wp-json\/wp\/v2\/comments?post=13633"}],"version-history":[{"count":0,"href":"https:\/\/fsmcv.org\/vl\/wp-json\/wp\/v2\/posts\/13633\/revisions"}],"wp:attachment":[{"href":"https:\/\/fsmcv.org\/vl\/wp-json\/wp\/v2\/media?parent=13633"}],"wp:term":[{"taxonomy":"category","embeddable":true,"href":"https:\/\/fsmcv.org\/vl\/wp-json\/wp\/v2\/categories?post=13633"},{"taxonomy":"post_tag","embeddable":true,"href":"https:\/\/fsmcv.org\/vl\/wp-json\/wp\/v2\/tags?post=13633"}],"curies":[{"name":"wp","href":"https:\/\/api.w.org\/{rel}","templated":true}]}}