{"id":13640,"date":"2019-09-19T12:47:09","date_gmt":"2019-09-19T10:47:09","guid":{"rendered":"https:\/\/fsmcv.org\/?post_type=fsmcv-noticias&#038;p=13640"},"modified":"2021-04-06T16:29:39","modified_gmt":"2021-04-06T14:29:39","slug":"banda-primitiva-200-anys","status":"publish","type":"post","link":"https:\/\/fsmcv.org\/vl\/societats-musicals\/banda-primitiva-200-anys\/","title":{"rendered":"La Banda Primitiva celebra 200 anys d\u2019hist\u00f2ria amb un espectacular concert"},"content":{"rendered":"<p>La Banda Primitiva de Ll\u00edria va celebrar el dissabte passat els seus 200 anys d\u2019hist\u00f2ria, amb un espectacular concert. M\u00e9s de 150 m\u00fasics sobre l\u2019escenari van demostrar l\u2019alt nivell musical d\u2019una de les societats musicals de refer\u00e8ncia, que va rebre l\u2019ovaci\u00f3 un\u00e0nime del p\u00fablic assistent.<\/p>\n<p>L\u2019acte va comptar amb la pres\u00e8ncia del Conseller de Cultura i Educaci\u00f3, l\u2019Honorable Vicent Marz\u00e0; l\u2019alcalde de Ll\u00edria, Manolo Civera; la presidenta de la Mancomunitat, Mercedes Berenguer; la senadora Mercedes Berenguer; i representants de la societat musical i cultura, aix\u00ed com del teixit associatiu de la localitat.<\/p>\n<p>Durant l\u2019acte, la Banda Primitiva va rebre dos distincions, per part de l\u2019Ajuntament de Ll\u00edria i la Federaci\u00f3 de Societats Musicals de la Comunitat Valenciana. Les dos institucions van recon\u00e8ixer el paper essencial del Clar\u00edn durant els \u00faltims 200 anys.<\/p>\n<p>A m\u00e9s, el Clar\u00edn va entregar les Distincions Pare Antoni que, en esta segona edici\u00f3, van ser atorgades al Director Honor\u00edfic de la societat, Manuel Galduf Verdeguer; al Consell Valenci\u00e0 de Cultura, al periodista Ferran Garrido i, a t\u00edtol p\u00f2stum, a Abelardo Salvo, fundador de Power Electronics.<\/p>\n<p>La Banda Primitiva va interpretar un programa molt especial, dirigit per director titular Javier Engu\u00eddanos Morat\u00f3 i la participaci\u00f3 de Manuel Galduf, que va actuar com a director invitat. . El concert va comen\u00e7ar amb la interpretaci\u00f3 de l\u2019himne popular del Clar\u00edn, el pasdoble Teniente Raposo. A continuaci\u00f3 es va interpretar la primera obra amb qu\u00e8 va participar la banda al Certamen de Valencia, l\u2019any 1988, Poeta y aldeano i, a continuaci\u00f3, Hell and heaven; estrenada a l\u2019homenatge que el Certamen va oferir a la Primitiva el passat mes de juliol. I el concert es va tancar amb l\u2019Himne de la Banda Primitiva. Com a regal, la banda va tornar a interpretar el pasdoble Teniente Raposo.<\/p>\n<p>L\u2019acte va estar refor\u00e7at per una elegant il\u00b7luminaci\u00f3 i unes impressionants projeccions, relacionades amb les obres interpretades, que va fer del bicentenari un acte especial. La commemoraci\u00f3 va finalitzar amb un past\u00eds projectat a les parets i uns canons de serpentina.<\/p>\n<p><strong>Una cercavila hist\u00f2rica<\/strong><br \/>\nAbans del concert, va tenir lloc una cercavila amb la participaci\u00f3 de 43 Clarineres Majors \u2013 dones des dels 80 anys fins als 18 &#8211; que van lluir les seues millors gales en una nit molt especial per a tota la fam\u00edlia clarinera. Durant este acte, es van realitzar dos ofrenes, al monument de la m\u00fasica i a l\u2019escultura del Pare Antoni, fundador de la Banda Primitiva de Ll\u00edria.<\/p>\n","protected":false},"excerpt":{"rendered":"<p>Una il\u00b7luminaci\u00f3 de sala i unes impactants projeccions van fer del bicentenari un acte especial <\/p>\n","protected":false},"author":2,"featured_media":0,"comment_status":"closed","ping_status":"closed","sticky":false,"template":"","format":"standard","meta":{"footnotes":""},"categories":[56],"tags":[],"class_list":["post-13640","post","type-post","status-publish","format-standard","hentry","category-societats-musicals"],"_links":{"self":[{"href":"https:\/\/fsmcv.org\/vl\/wp-json\/wp\/v2\/posts\/13640","targetHints":{"allow":["GET"]}}],"collection":[{"href":"https:\/\/fsmcv.org\/vl\/wp-json\/wp\/v2\/posts"}],"about":[{"href":"https:\/\/fsmcv.org\/vl\/wp-json\/wp\/v2\/types\/post"}],"author":[{"embeddable":true,"href":"https:\/\/fsmcv.org\/vl\/wp-json\/wp\/v2\/users\/2"}],"replies":[{"embeddable":true,"href":"https:\/\/fsmcv.org\/vl\/wp-json\/wp\/v2\/comments?post=13640"}],"version-history":[{"count":0,"href":"https:\/\/fsmcv.org\/vl\/wp-json\/wp\/v2\/posts\/13640\/revisions"}],"wp:attachment":[{"href":"https:\/\/fsmcv.org\/vl\/wp-json\/wp\/v2\/media?parent=13640"}],"wp:term":[{"taxonomy":"category","embeddable":true,"href":"https:\/\/fsmcv.org\/vl\/wp-json\/wp\/v2\/categories?post=13640"},{"taxonomy":"post_tag","embeddable":true,"href":"https:\/\/fsmcv.org\/vl\/wp-json\/wp\/v2\/tags?post=13640"}],"curies":[{"name":"wp","href":"https:\/\/api.w.org\/{rel}","templated":true}]}}