{"id":13669,"date":"2019-09-25T10:57:45","date_gmt":"2019-09-25T08:57:45","guid":{"rendered":"https:\/\/fsmcv.org\/?post_type=fsmcv-noticias&#038;p=13669"},"modified":"2020-09-27T18:18:28","modified_gmt":"2020-09-27T18:18:28","slug":"questionari-amb-ritme-daniela","status":"publish","type":"post","link":"https:\/\/fsmcv.org\/vl\/certamens\/questionari-amb-ritme-daniela\/","title":{"rendered":"Q\u00fcestionari amb ritme: Daniela Gonz\u00e1lez"},"content":{"rendered":"<p>Benvinguts al primer Q\u00fcestionari amb ritme, on coneixerem, a trav\u00e9s d&#8217;una bateria r\u00e0pida de preguntes, a les diferents cares que componen la societat musical valenciana. Per a estrenar la secci\u00f3 tenim a Daniela Gonz\u00e1lez, presidenta de FSMCV (com no). Anem all\u00e0!<\/p>\n<ol>\n<li style=\"font-weight: 400;\"><b>Recomi\u00e9ndanos una novela, una pel\u00edcula y un disco reciente.<\/b><b><br \/>\n<\/b><span style=\"font-weight: 400;\">Libro: Las Hijas del capit\u00e1n &#8211; Mar\u00eda Due\u00f1as.<\/span><span style=\"font-weight: 400;\"><br \/>\n<\/span><span style=\"font-weight: 400;\">Peli :Padre no hay mas que uno, ha sido la ultima que he visto y me he re\u00eddo bastante (tengo que decir que hacia mucho que no ve\u00eda una peli que no fuera de dibujos).<\/span><span style=\"font-weight: 400;\"><br \/>\n<\/span><span style=\"font-weight: 400;\">Disco: Mi cubo de Rubik de Melendi. <\/span><\/li>\n<li style=\"font-weight: 400;\"><b>\u00bfTocas alg\u00fan instrumento?<\/b><b><br \/>\n<\/b><span style=\"font-weight: 400;\">Siiiiii. El clarinete. <\/span><\/li>\n<li style=\"font-weight: 400;\"><b>\u00bfPaella o arroz al horno?<\/b><b><br \/>\n<\/b><span style=\"font-weight: 400;\">La paella sin dudarlo. <\/span><\/li>\n<li style=\"font-weight: 400;\"><b>\u00bfQu\u00e9 suena en tu casa un domingo cualquiera?<\/b><b><br \/>\n<\/b><span style=\"font-weight: 400;\">Suena de todo, sobre todo m\u00fasica alegre y que pueda cantar. <\/span><\/li>\n<li style=\"font-weight: 400;\"><b>\u00bfMejor concierto de tu vida?<\/b><b><br \/>\n<\/b><span style=\"font-weight: 400;\">Con mi Sociedad Musical, el d\u00eda que ganamos el certamen.<\/span><span style=\"font-weight: 400;\"><br \/>\n<\/span><span style=\"font-weight: 400;\">Y con mis amigas uno de Estopa, hace muchos, muchos, muchos a\u00f1os \ud83d\ude09 <\/span><\/li>\n<li style=\"font-weight: 400;\"><b>Un pueblo por descubrir de la CV.<\/b><b><br \/>\n<\/b><span style=\"font-weight: 400;\">XILXES, por supuesto. jajajaja <\/span><\/li>\n<li style=\"font-weight: 400;\"><b>\u00bfCu\u00e1l es tu comida favorita?<\/b><b><br \/>\n<\/b><span style=\"font-weight: 400;\">La tortilla de patatas y el ajoaceite pero el\u00a0 hecho a mano. <\/span><\/li>\n<li style=\"font-weight: 400;\"><b>\u00bfA qu\u00e9 suena la CV?<\/b><b><br \/>\n<\/b><span style=\"font-weight: 400;\">A m\u00fasica y a alegr\u00eda. <\/span><\/li>\n<li style=\"font-weight: 400;\"><b>Recomi\u00e9ndanos una app que tengas instalada en el m\u00f3vil.<\/b><b><br \/>\n<\/b><span style=\"font-weight: 400;\">El Spotify. <\/span><\/li>\n<li style=\"font-weight: 400;\"><b>\u00bfQu\u00e9 canci\u00f3n te pones para motivarte?<\/b><b><br \/>\n<\/b><span style=\"font-weight: 400;\">Una de mis favoritas: \u201cni tu ni nadie\u201d de Alaska, en cuanto la oigo me pongo a bailar y cantar\u2026jajaja\u00a0<\/span><\/li>\n<li style=\"font-weight: 400;\"><b>Si pudieras regresar en el tiempo a cualquier momento de la historia, \u00bfcu\u00e1ndo ser\u00eda?<\/b><b><br \/>\n<\/b> <span style=\"font-weight: 400;\">Sin dudarlo, el momento en el que vi por primera vez la carita de mi hijo y me cogi\u00f3 el dedo durante horas. Ah\u00ed supe que me hab\u00eda enamorado para siempre. <\/span><\/li>\n<li style=\"font-weight: 400;\"><b>\u00bfQu\u00e9 meme o v\u00eddeo te ha hecho re\u00edr recientemente?<\/b><b><br \/>\n<\/b><span style=\"font-weight: 400;\">Uno de perritos que vi con mi peque. <\/span><\/li>\n<li style=\"font-weight: 400;\"><b>Dinos una mujer a la que admires.<\/b><b><br \/>\n<\/b><span style=\"font-weight: 400;\">Mi madre.<\/span><\/li>\n<\/ol>\n","protected":false},"excerpt":{"rendered":"<p>Benvinguts al primer Q\u00fcestionari amb ritme, on coneixerem, a trav\u00e9s d&#8217;una bateria r\u00e0pida de preguntes, a les diferents cares que componen la societat musical valenciana. Per a estrenar la secci\u00f3 tenim a Daniela Gonz\u00e1lez, presidenta de FSMCV (com no). Anem all\u00e0!<\/p>\n","protected":false},"author":2,"featured_media":0,"comment_status":"closed","ping_status":"closed","sticky":false,"template":"","format":"standard","meta":{"footnotes":""},"categories":[],"tags":[],"class_list":["post-13669","post","type-post","status-publish","format-standard","hentry"],"_links":{"self":[{"href":"https:\/\/fsmcv.org\/vl\/wp-json\/wp\/v2\/posts\/13669","targetHints":{"allow":["GET"]}}],"collection":[{"href":"https:\/\/fsmcv.org\/vl\/wp-json\/wp\/v2\/posts"}],"about":[{"href":"https:\/\/fsmcv.org\/vl\/wp-json\/wp\/v2\/types\/post"}],"author":[{"embeddable":true,"href":"https:\/\/fsmcv.org\/vl\/wp-json\/wp\/v2\/users\/2"}],"replies":[{"embeddable":true,"href":"https:\/\/fsmcv.org\/vl\/wp-json\/wp\/v2\/comments?post=13669"}],"version-history":[{"count":0,"href":"https:\/\/fsmcv.org\/vl\/wp-json\/wp\/v2\/posts\/13669\/revisions"}],"wp:attachment":[{"href":"https:\/\/fsmcv.org\/vl\/wp-json\/wp\/v2\/media?parent=13669"}],"wp:term":[{"taxonomy":"category","embeddable":true,"href":"https:\/\/fsmcv.org\/vl\/wp-json\/wp\/v2\/categories?post=13669"},{"taxonomy":"post_tag","embeddable":true,"href":"https:\/\/fsmcv.org\/vl\/wp-json\/wp\/v2\/tags?post=13669"}],"curies":[{"name":"wp","href":"https:\/\/api.w.org\/{rel}","templated":true}]}}