{"id":13791,"date":"2019-10-30T13:00:21","date_gmt":"2019-10-30T12:00:21","guid":{"rendered":"https:\/\/fsmcv.org\/?post_type=fsmcv-noticias&#038;p=13791"},"modified":"2021-04-06T14:31:32","modified_gmt":"2021-04-06T12:31:32","slug":"emociones-a-flor-de-piel-durante-la-iv-gala-de-la-musica-del-camp-de-morvedre","status":"publish","type":"post","link":"https:\/\/fsmcv.org\/vl\/societats-musicals\/emociones-a-flor-de-piel-durante-la-iv-gala-de-la-musica-del-camp-de-morvedre\/","title":{"rendered":"Emociones a flor de piel durante la IV GALA DE LA M\u00daSICA DEL CAMP DE MORVEDRE"},"content":{"rendered":"<p>La <em>Junta Comarcal de Sociedades Musicales Federadas del Camp de Morvedre<\/em> celebr\u00f3 ayer 27 de Octubre en Quartell la <strong>V Gala de la M\u00fasica del Camp de Morvedre<\/strong> donde se entregaron los <strong>Premios Orpheo 2019. <\/strong>Este evento se encuadra dentro de la <em>Campa\u00f1a de Actividades Comarcales de la Federaci\u00f3n de Sociedades Musicales de la Comunidad Valenciana (FSMCV)<\/em>.<\/p>\n<p>El p\u00fablico asistente llen\u00f3 el auditorio Joaqu\u00edn Rodrigo apoyando de nuevo esta iniciativa. Adem\u00e1s de homenajear a los premiados tambi\u00e9n se pudo disfrutar de la m\u00fasica de tres de les bandas de la comarca: <strong><em>Joventut Musical Verge de l\u2019Estrella de Gilet<\/em><\/strong>, la <strong><em>Uni\u00f3n Musical Porte\u00f1a <\/em><\/strong>y la <strong><em>Societat Joventut Musical de Faura<\/em><\/strong>. Actuaciones que se intercalaron con la entrega de premios.<\/p>\n<p>Seg\u00fan Fina G\u00f3mez Presidenta Comarcal &#8220;La Gala es un acto plenamente consolidado que demuestra a\u00f1o tras a\u00f1o todo el trabajo que se hace en las SSMM de nuestra comarca\u201d.\u00a0 Y es que en el evento\u00a0 adem\u00e1s de todos los presidentes de les 12 Sociedades Musicales de la comarca y representantes de sus directivas tambi\u00e9n acudieron gran n\u00famero de autoridades, entre ellas el anfitri\u00f3n y alcalde de Sagunto, Dar\u00edo Moreno,\u00a0 pr\u00e1cticamente todo el resto de alcaldes de la comarca y numerosos concejales que no se quisieron perder la gala.<\/p>\n<p>En representaci\u00f3n de la FSMCV acudieron al acto <strong>Daniela Gonz\u00e1lez presidenta de la FSMCV <\/strong>y <em>Manuel Mu\u00f1oz<\/em> <em>Vicepresidente Art\u00edstico de la FSMCV<\/em> entre otros directivos y <strong>Vicent Cerd\u00e0 Presidente de la Confederaci\u00f3n\u00a0 Espa\u00f1ola de Sociedades Musicales<\/strong> (CESM)<strong><em>.<\/em><\/strong><\/p>\n<p>Todos los premiados recibieron con emoci\u00f3n su premio incluido Manuel Tom\u00e1s, Premio Orpheo Especial concedido por la Junta Directiva Comarcal por su trayectoria docente i profesional que lo ha convertido en todo un referente dentro del mundo cultural i educativo . Visiblemente emocionado, en su discurso de agradecimiento, recalc\u00f3 la verdadera fortaleza que para el tejido asociativo valenciano representan las SSMM de nuestra comunidad y las oportunidades laborales y profesionales que estas abren a muchas personas.<\/p>\n<p>&nbsp;<\/p>\n<p><strong><em>Premio Orpheo Especial concedido por la Junta Directiva Comarcal\u00a0\u00a0\u00a0\u00a0\u00a0\u00a0\u00a0\u00a0\u00a0\u00a0\u00a0 <\/em><\/strong><\/p>\n<p><strong>Manuel Tomas Lude\u00f1a<\/strong><strong> \u00a0\u00a0\u00a0\u00a0\u00a0<\/strong>Asesor de la\u00a0 FSMCV, ha tenido diferentes cargos en la administraci\u00f3n educativa y cultural\u00a0 valenciana<\/p>\n<p><strong><em>Premio Orpheo a la Creaci\u00f3 Musical\u00a0\u00a0 <\/em><\/strong><\/p>\n<p><strong>\u201cSom les valls\u201d<\/strong>\u00a0\u00a0\u00a0\u00a0\u00a0\u00a0\u00a0\u00a0\u00a0\u00a0\u00a0 \u00a0\u00a0\u00a0\u00a0\u00a0\u00a0\u00a0 Espect\u00e1culo Musical producido por la Uni\u00f3 Musical de Quartell<\/p>\n<p>&nbsp;<\/p>\n<p><strong><em>Premio \u00a0Orpheo a la Producci\u00f3 Musical\u00a0\u00a0\u00a0\u00a0\u00a0\u00a0\u00a0\u00a0\u00a0 <\/em><\/strong><\/p>\n<p><strong>\u00a0\u201cSimba el rey de la selva\u201d \u00a0<\/strong>Espect\u00e1culo Musical producido por la Uni\u00f3n Musical Porte\u00f1a<\/p>\n<p><strong><em>Premio Orpheo a Tota una vida dedicada a la m\u00fasica<\/em><\/strong><\/p>\n<p><strong>Vicent Llopis Cueco\u00a0\u00a0\u00a0\u00a0 \u00a0\u00a0\u00a0\u00a0\u00a0 <\/strong>M\u00fasico de la Societat Joventut Musical de Faura<\/p>\n<p><strong>\u00a0<\/strong><\/p>\n<p><strong><em>Premio Orpheo a la mejor trayect\u00f3ria acad\u00e8mica de grado profesional y superior<\/em><\/strong><\/p>\n<p><strong>Hector Diego Vargas Moreno<\/strong><em>, viol\u00edn \u00a0\u00a0\u00a0\u00a0\u00a0\u00a0\u00a0\u00a0\u00a0\u00a0\u00a0\u00a0\u00a0\u00a0 <\/em>Mejor expediente grado profesional<\/p>\n<p><strong>Alejandro Melo Porras<\/strong><em>, flauta\u00a0\u00a0\u00a0\u00a0\u00a0\u00a0\u00a0\u00a0\u00a0\u00a0\u00a0\u00a0\u00a0\u00a0\u00a0\u00a0\u00a0\u00a0\u00a0\u00a0\u00a0\u00a0\u00a0\u00a0 <\/em>Mejor expediente grado superior<\/p>\n<p><em>\u00a0<\/em><\/p>\n<p><strong><em>Premio Orpheo al los miembros de las Sociedades Musicales<\/em><\/strong><\/p>\n<p><strong>Arturo Avinent Garriga<\/strong><strong>\u00a0\u00a0\u00a0\u00a0\u00a0\u00a0\u00a0\u00a0\u00a0\u00a0\u00a0\u00a0\u00a0\u00a0\u00a0\u00a0\u00a0\u00a0\u00a0\u00a0\u00a0\u00a0 <\/strong>Societat M\u00fasico-Cultural d\u2019Albalat dels Tarongers<\/p>\n<p><strong>Benjam\u00edn Gasc\u00f3 Bolinches\u00a0\u00a0\u00a0\u00a0\u00a0 \u00a0\u00a0\u00a0\u00a0\u00a0\u00a0\u00a0\u00a0\u00a0\u00a0\u00a0 <\/strong><em>Agrupaci\u00f3 M\u00fasico-Cultural d\u2019Algar del Pal\u00e0ncia<\/em><\/p>\n<p><strong>Roberto Mora Montesinos<\/strong><strong>\u00a0\u00a0\u00a0\u00a0\u00a0\u00a0\u00a0\u00a0\u00a0\u00a0\u00a0\u00a0\u00a0\u00a0\u00a0\u00a0\u00a0\u00a0 <\/strong><em>Uni\u00f3 Musical d\u00b4Alg\u00ecmia<\/em><\/p>\n<p><strong>Tremedal Garc\u00eda Vidal<\/strong>\u00a0\u00a0\u00a0\u00a0\u00a0\u00a0\u00a0\u00a0\u00a0\u00a0\u00a0 \u00a0\u00a0\u00a0\u00a0\u00a0\u00a0\u00a0\u00a0\u00a0\u00a0\u00a0 <em>Societat Musical de Canet d\u2019en Berenguer<\/em><\/p>\n<p><strong>Ricardo Bol\u00f3s Valls<\/strong><em>\u00a0\u00a0\u00a0\u00a0\u00a0\u00a0\u00a0\u00a0\u00a0\u00a0\u00a0\u00a0\u00a0\u00a0\u00a0\u00a0\u00a0\u00a0\u00a0\u00a0\u00a0\u00a0\u00a0\u00a0\u00a0\u00a0\u00a0\u00a0\u00a0 Uni\u00f3 Musical-Cultural d\u2019Estivella<\/em><\/p>\n<p><strong>Christian Tortonda Adsuara\u00a0\u00a0\u00a0\u00a0\u00a0\u00a0\u00a0\u00a0\u00a0\u00a0\u00a0\u00a0\u00a0\u00a0\u00a0 <\/strong><em>Societat Joventut Musical de Faura<\/em><\/p>\n<p><strong>Antonio Panzuela Santiago\u00a0\u00a0\u00a0\u00a0\u00a0\u00a0\u00a0\u00a0\u00a0\u00a0\u00a0\u00a0\u00a0\u00a0\u00a0\u00a0 <\/strong><em>Joventut Musical<\/em> <em>Verge de l\u2019Estrella de Gilet<\/em><\/p>\n<p><strong>Daniel Villalba Gil\u00a0\u00a0\u00a0\u00a0\u00a0\u00a0\u00a0 <\/strong><strong>\u00a0\u00a0\u00a0\u00a0\u00a0\u00a0\u00a0\u00a0\u00a0\u00a0\u00a0\u00a0\u00a0\u00a0\u00a0\u00a0\u00a0\u00a0\u00a0\u00a0\u00a0\u00a0\u00a0 <\/strong><em>Uni\u00f3 Musical Petresana<\/em><\/p>\n<p><strong>Anunciaci\u00f3n Ram\u00edrez Queralt \u00a0\u00a0\u00a0\u00a0\u00a0\u00a0\u00a0\u00a0\u00a0\u00a0\u00a0 <\/strong><em>Uni\u00f3 Musical de Quart de les Valls<\/em><\/p>\n<p><strong>Jos\u00e9 Luis Casado Sebasti\u00e1n\u00a0\u00a0\u00a0\u00a0 <\/strong><em>\u00a0\u00a0\u00a0\u00a0\u00a0\u00a0\u00a0\u00a0\u00a0\u00a0\u00a0 Uni\u00f3 Musical de Quartell<\/em><\/p>\n<p><strong>Miguel Garc\u00eda Gam\u00f3n\u00a0\u00a0\u00a0\u00a0\u00a0\u00a0\u00a0\u00a0\u00a0\u00a0\u00a0\u00a0\u00a0\u00a0\u00a0\u00a0\u00a0\u00a0\u00a0\u00a0\u00a0\u00a0\u00a0\u00a0\u00a0 <\/strong><em>Societat Musical Lira Saguntina<\/em><\/p>\n<p><strong>Alfredo Ayn\u00f3s Rivas\u00a0\u00a0\u00a0\u00a0 \u00a0\u00a0\u00a0\u00a0\u00a0\u00a0\u00a0\u00a0\u00a0\u00a0\u00a0\u00a0\u00a0\u00a0\u00a0\u00a0\u00a0\u00a0\u00a0\u00a0\u00a0\u00a0\u00a0 <\/strong><em>Uni\u00f3n Musical Porte\u00f1a<\/em><\/p>\n","protected":false},"excerpt":{"rendered":"<p>La Junta Comarcal de Sociedades Musicales Federadas del Camp de Morvedre celebr\u00f3 ayer 27 de Octubre en Sagunt la V Gala de la M\u00fasica del Camp de Morvedre donde se entregaron los Premios Orpheo 2019. Este evento se encuadra dentro de la Campa\u00f1a de Actividades Comarcales de la Federaci\u00f3n de Sociedades Musicales de la Comunidad Valenciana (FSMCV).<\/p>\n","protected":false},"author":2,"featured_media":0,"comment_status":"closed","ping_status":"closed","sticky":false,"template":"","format":"standard","meta":{"footnotes":""},"categories":[56],"tags":[],"class_list":["post-13791","post","type-post","status-publish","format-standard","hentry","category-societats-musicals"],"_links":{"self":[{"href":"https:\/\/fsmcv.org\/vl\/wp-json\/wp\/v2\/posts\/13791","targetHints":{"allow":["GET"]}}],"collection":[{"href":"https:\/\/fsmcv.org\/vl\/wp-json\/wp\/v2\/posts"}],"about":[{"href":"https:\/\/fsmcv.org\/vl\/wp-json\/wp\/v2\/types\/post"}],"author":[{"embeddable":true,"href":"https:\/\/fsmcv.org\/vl\/wp-json\/wp\/v2\/users\/2"}],"replies":[{"embeddable":true,"href":"https:\/\/fsmcv.org\/vl\/wp-json\/wp\/v2\/comments?post=13791"}],"version-history":[{"count":0,"href":"https:\/\/fsmcv.org\/vl\/wp-json\/wp\/v2\/posts\/13791\/revisions"}],"wp:attachment":[{"href":"https:\/\/fsmcv.org\/vl\/wp-json\/wp\/v2\/media?parent=13791"}],"wp:term":[{"taxonomy":"category","embeddable":true,"href":"https:\/\/fsmcv.org\/vl\/wp-json\/wp\/v2\/categories?post=13791"},{"taxonomy":"post_tag","embeddable":true,"href":"https:\/\/fsmcv.org\/vl\/wp-json\/wp\/v2\/tags?post=13791"}],"curies":[{"name":"wp","href":"https:\/\/api.w.org\/{rel}","templated":true}]}}