{"id":13798,"date":"2019-10-30T13:11:36","date_gmt":"2019-10-30T12:11:36","guid":{"rendered":"https:\/\/fsmcv.org\/?post_type=fsmcv-noticias&#038;p=13798"},"modified":"2021-04-06T14:31:12","modified_gmt":"2021-04-06T12:31:12","slug":"la-banda-primitiva-inaugura-la-exposicion-una-ilusion-colectiva-el-teatro-de-joaquin-rieta","status":"publish","type":"post","link":"https:\/\/fsmcv.org\/vl\/societats-musicals\/la-banda-primitiva-inaugura-la-exposicion-una-ilusion-colectiva-el-teatro-de-joaquin-rieta\/","title":{"rendered":"La Banda Primitiva inaugura la exposici\u00f3n \u201cUna ilusi\u00f3n colectiva. El teatro de Joaqu\u00edn Rieta"},"content":{"rendered":"<div class=\"moz-text-html\" lang=\"x-unicode\">\n<p><strong>La muestra se podr\u00e1 visitar hasta el 29 de diciembre<\/strong><\/p>\n<p>La Banda Primitiva pone en valor su valor patrimonial con la exposici\u00f3n \u201cUna ilusi\u00f3n colectiva. El teatro de Joaqu\u00edn Rieta\u201d, que abri\u00f3 sus puertas ayer para dar a conocer la riqueza de la sala de conciertos del Clar\u00edn, recordar su proceso de construcci\u00f3n y destacar la figura de su arquitecto, el reconocido Joaqu\u00edn Rieta.<\/p>\n<p>La inauguraci\u00f3n de la exposici\u00f3n corri\u00f3 a cargo del presidente de la Banda Primitiva, Jos\u00e9 Luis P\u00e9rez Veses; qui\u00e9n estuvo acompa\u00f1ado por el Consejero de Hacienda, Vicent Soler Marco; el alcalde de Ll\u00edria, Manolo Civera Salvador; y un buen n\u00famero de personalidades musicales y pol\u00edticas, as\u00ed como muchas de las personas que han sido responsables del proyecto.<\/p>\n<p>Adem\u00e1s de la inauguraci\u00f3n de la exposici\u00f3n, se produjo el estreno del documental \u201cUna ilusi\u00f3n colectiva. El teatro de Joaqu\u00edn Rieta\u201d, que cont\u00f3 con numerosos testimonios que relataron c\u00f3mo fue la construcci\u00f3n de la sala y cu\u00e1l ha sido su evoluci\u00f3n hasta la actualidad. Un video muy emocionante que sac\u00f3 las l\u00e1grimas y que finaliz\u00f3 con una grand\u00edsima ovaci\u00f3n por parte de las m\u00e1s de 350 persones asistentes.<\/p>\n<p>La exposici\u00f3n, que cuenta con el patrocinio de la Diputaci\u00f3n de Valencia, permanecer\u00e1 abierta hasta el 29 de diciembre. Los horarios de visita ser\u00e1n viernes, de 18.00 a 20.00 horas; s\u00e1bado, de 12.00 a 13.30 horas y de 18.00 a 20.00 horas; y domingo, de 18.00 a 20.00 horas.<\/p>\n<p><strong>Qu\u00e9 podemos encontrar a la exposici\u00f3n? <\/strong><\/p>\n<p>La muestra se divide en varias secciones tem\u00e1ticas. En primer lugar, se hace un breve repaso a la historia de la banda, con un recorrido hist\u00f3rico por algunos de los galardones m\u00e1s importantes, como el del primer Certamen de Valencia del a\u00f1o 1888 o el de la Exposici\u00f3n Universal de Barcelona, 1929.<\/p>\n<p>La parte central de la exposici\u00f3n, se centra en las diferentes sedes que ha tenido la Banda Primitiva de Ll\u00edria y como fue el proceso de construcci\u00f3n del teatro, dise\u00f1ado por el arquitecto Joaqu\u00edn Rieta. Se pueden consultar los planos originales, as\u00ed como descubrir otras curiosidades del recinto. Adem\u00e1s, en esta parte, tambi\u00e9n se ha realizado un estudio ac\u00fastico del teatro, gracias a la colaboraci\u00f3n de la Universitat Polit\u00e8cnica de Val\u00e8ncia.<\/p>\n<p>Por \u00faltimo, la exposici\u00f3n se centra en conocer el trabajo del arquitecto Joaquin Rieta, que ha dise\u00f1ado en Ll\u00edria otros edificios como las Casetas Nuevas o el colegio Francisco Llopis.<\/p>\n<\/div>\n","protected":false},"excerpt":{"rendered":"<p>La Banda Primitiva pone en valor su valor patrimonial con la exposici\u00f3n \u201cUna ilusi\u00f3n colectiva. El teatro de Joaqu\u00edn Rieta\u201d, que abri\u00f3 sus puertas ayer para dar a conocer la riqueza de la sala de conciertos del Clar\u00edn, recordar su proceso de construcci\u00f3n y destacar la figura de su arquitecto, el reconocido Joaqu\u00edn Rieta.<\/p>\n","protected":false},"author":2,"featured_media":0,"comment_status":"closed","ping_status":"closed","sticky":false,"template":"","format":"standard","meta":{"footnotes":""},"categories":[56],"tags":[],"class_list":["post-13798","post","type-post","status-publish","format-standard","hentry","category-societats-musicals"],"_links":{"self":[{"href":"https:\/\/fsmcv.org\/vl\/wp-json\/wp\/v2\/posts\/13798","targetHints":{"allow":["GET"]}}],"collection":[{"href":"https:\/\/fsmcv.org\/vl\/wp-json\/wp\/v2\/posts"}],"about":[{"href":"https:\/\/fsmcv.org\/vl\/wp-json\/wp\/v2\/types\/post"}],"author":[{"embeddable":true,"href":"https:\/\/fsmcv.org\/vl\/wp-json\/wp\/v2\/users\/2"}],"replies":[{"embeddable":true,"href":"https:\/\/fsmcv.org\/vl\/wp-json\/wp\/v2\/comments?post=13798"}],"version-history":[{"count":0,"href":"https:\/\/fsmcv.org\/vl\/wp-json\/wp\/v2\/posts\/13798\/revisions"}],"wp:attachment":[{"href":"https:\/\/fsmcv.org\/vl\/wp-json\/wp\/v2\/media?parent=13798"}],"wp:term":[{"taxonomy":"category","embeddable":true,"href":"https:\/\/fsmcv.org\/vl\/wp-json\/wp\/v2\/categories?post=13798"},{"taxonomy":"post_tag","embeddable":true,"href":"https:\/\/fsmcv.org\/vl\/wp-json\/wp\/v2\/tags?post=13798"}],"curies":[{"name":"wp","href":"https:\/\/api.w.org\/{rel}","templated":true}]}}