{"id":13804,"date":"2019-10-31T13:00:28","date_gmt":"2019-10-31T12:00:28","guid":{"rendered":"https:\/\/fsmcv.org\/?post_type=fsmcv-noticias&#038;p=13804"},"modified":"2021-04-06T14:30:51","modified_gmt":"2021-04-06T12:30:51","slug":"lliria-ciudad-creativa-unesco","status":"publish","type":"post","link":"https:\/\/fsmcv.org\/vl\/societats-musicals\/lliria-ciudad-creativa-unesco\/","title":{"rendered":"Ll\u00edria, Ciudad Creativa de la M\u00fasica por la UNESCO"},"content":{"rendered":"<p>Como avanz\u00f3 anoche<a href=\"https:\/\/cadenaser.com\/emisora\/2019\/10\/30\/radio_valencia\/1572460043_772051.html\" target=\"_blank\" rel=\"noopener\"> la SER<\/a>, Lliria ser\u00e1 Ciudad Creativa de la M\u00fasica. Este reconocimiento que concede la UNESCO supone un honor al alcance de muy pocas ciudades en el mundo.\u00a0De esta manera Ll\u00edria se une a ciudades como Liverpool, Bogot\u00e1, Auckland y tambi\u00e9n Sevilla, \u00fanica otra representante espa\u00f1ola.<\/p>\n<p>&nbsp;<\/p>\n<p>Desde la Federaci\u00f3n de Sociedades Musicales de la Comunidad Valenciana queremos extender nuestra m\u00e1s absoluta enhorabuena a nuestros amigos de Lliria, al Ateneo Musical y de Ense\u00f1anza \u201cBanda Primitiva\u201d, a la Uni\u00f3 Musical de Lliria, a la Banda Musical U.D.P de Lliria y al Ayuntamiento de Lliria. Organizaciones, algunas con hasta 200 a\u00f1os de historia, que luchan diariamente por reivindicar la Tierra de la M\u00fasica, la Comunidad Valenciana.<\/p>\n<p>&nbsp;<\/p>\n<p>Hoy estamos un paso m\u00e1s cerca de que se reconozca el patrimonio musical de la Comunidad Valenciana como un tesoro \u00fanico en el mundo. La tierra con m\u00e1s concentraci\u00f3n de\u00a0 m\u00fasicos por habitante tendr\u00e1 un municipio, Lliria, reconocido como Ciudad Creativa de la M\u00fasica por la UNESCO. \u00a1Celebr\u00e9moslo!<\/p>\n","protected":false},"excerpt":{"rendered":"<p>Hoy estamos un paso m\u00e1s cerca de que se reconozca el patrimonio musical de la Comunidad Valenciana como un tesoro \u00fanico en el mundo. La tierra con m\u00e1s concentraci\u00f3n de\u00a0 m\u00fasicos por habitante tendr\u00e1 un municipio, Lliria, reconocido como Ciudad Creativa de la M\u00fasica por la UNESCO. \u00a1Celebr\u00e9moslo!<\/p>\n","protected":false},"author":2,"featured_media":0,"comment_status":"closed","ping_status":"closed","sticky":false,"template":"","format":"standard","meta":{"footnotes":""},"categories":[56],"tags":[],"class_list":["post-13804","post","type-post","status-publish","format-standard","hentry","category-societats-musicals"],"_links":{"self":[{"href":"https:\/\/fsmcv.org\/vl\/wp-json\/wp\/v2\/posts\/13804","targetHints":{"allow":["GET"]}}],"collection":[{"href":"https:\/\/fsmcv.org\/vl\/wp-json\/wp\/v2\/posts"}],"about":[{"href":"https:\/\/fsmcv.org\/vl\/wp-json\/wp\/v2\/types\/post"}],"author":[{"embeddable":true,"href":"https:\/\/fsmcv.org\/vl\/wp-json\/wp\/v2\/users\/2"}],"replies":[{"embeddable":true,"href":"https:\/\/fsmcv.org\/vl\/wp-json\/wp\/v2\/comments?post=13804"}],"version-history":[{"count":0,"href":"https:\/\/fsmcv.org\/vl\/wp-json\/wp\/v2\/posts\/13804\/revisions"}],"wp:attachment":[{"href":"https:\/\/fsmcv.org\/vl\/wp-json\/wp\/v2\/media?parent=13804"}],"wp:term":[{"taxonomy":"category","embeddable":true,"href":"https:\/\/fsmcv.org\/vl\/wp-json\/wp\/v2\/categories?post=13804"},{"taxonomy":"post_tag","embeddable":true,"href":"https:\/\/fsmcv.org\/vl\/wp-json\/wp\/v2\/tags?post=13804"}],"curies":[{"name":"wp","href":"https:\/\/api.w.org\/{rel}","templated":true}]}}