{"id":13812,"date":"2019-11-04T11:43:31","date_gmt":"2019-11-04T10:43:31","guid":{"rendered":"https:\/\/fsmcv.org\/?post_type=fsmcv-noticias&#038;p=13812"},"modified":"2021-03-26T11:32:43","modified_gmt":"2021-03-26T10:32:43","slug":"certamen-de-bandes-de-musica-de-la-comunitat-valenciana-resultados","status":"publish","type":"post","link":"https:\/\/fsmcv.org\/vl\/certamens\/certamen-de-bandes-de-musica-de-la-comunitat-valenciana-resultados\/","title":{"rendered":"Certamen de Bandes de M\u00fasica de la Comunitat Valenciana: resultados"},"content":{"rendered":"<p>Aquest cap de setmana s&#8217;ha celebrat en el Palau dels Arts de Val\u00e8ncia el 41 Certamen de Bandes de M\u00fasica de la Comunitat Valenciana, amb la col\u00b7laboraci\u00f3 de FSMCV. Els resultats de totes les seccions s\u00f3n els seg\u00fcents:<\/p>\n<h3>PRIMERA SECCI\u00d3<\/h3>\n<p>Primer Premi i Esment d&#8217;Honor amb 365,5 punts<br \/>\n<strong>BANDA JUVENIL DE LA SOCIETAT MUSICAL INSTRUCTIVA SANTA CEC\u00cdLIA DE CULLERA<\/strong><br \/>\nDirector: Enrique Sapi\u00f1a Garc\u00eda<\/p>\n<p>Primer Premi amb 330,75 punts<br \/>\n<strong>SOCIETAT D&#8217;ART MUSICAL LA FILHARM\u00d2NICA DE CALLOSA DE SEGURA<\/strong><br \/>\nDirector: Gabriel Garc\u00eda Guti\u00e9rrez.<\/p>\n<p>Millor Director: Enrique Sapi\u00f1a Garc\u00eda.<\/p>\n<h3>SEGONA SECCI\u00d3<\/h3>\n<p>Primer Premi i Esment d&#8217;Honor amb 333 punts<br \/>\n<strong>CENTRE INSTRUCTIU MUSICAL SANTA CEC\u00cdLIA DE Y\u00c1TOVA<\/strong><br \/>\nDirector: Juan Manuel Alarc\u00f3n Garc\u00eda<\/p>\n<p>Primer Premi amb 330,75 punts<br \/>\n<strong>UNI\u00d3 MUSICAL DE REDOV\u00c0<\/strong><br \/>\nDirector: Daniel Ros Hern\u00e1ndez<\/p>\n<p>Primer Premi amb 326,5 punts<br \/>\n<strong>UNI\u00d3 MUSICAL DE SONEJA<\/strong><br \/>\nDirector: Juan Francisco Plas\u00e8ncia Civera<\/p>\n<h3>TERCERA SECCI\u00d3<\/h3>\n<p>Primer Premi i Esment d&#8217;Honor amb 355,75 punts<br \/>\n<strong>UNI\u00d3 MUSICAL DE DOLORES<\/strong><br \/>\nDirector: V\u00edctor Cano P\u00e9rez<\/p>\n<p>Primer Premi amb 322,75 punts<br \/>\n<strong>BANDA JOVE DE LA UNI\u00d3 MUSICAL DE GODELLETA<\/strong><br \/>\nDirector: Vicente Reche Ruiz<\/p>\n<p>Segon Premi amb 291,25 punts<br \/>\n<strong>VA UNIR MUSICAL VALLDUXENSE DE LA VALL D&#8217;UIX\u00d3<\/strong><br \/>\nDirector: Angel Mart\u00ednez Cruz<\/p>\n<h3>QUARTA SECCI\u00d3<\/h3>\n<p>Primer Premi i Esment d&#8217;Honor amb 346 punts<br \/>\n<strong>ASSOCIACI\u00d3 CULTURAL AMICS DE LA M\u00daSICA I DANSA D&#8217;ORIOLA<\/strong><br \/>\nDirector: Alfonso Javier Alfonso Gonz\u00e1lez<\/p>\n<p>Primer Premi amb 320 punts<br \/>\n<strong>VA UNIR MUSICAL D\u2019ALG\u00cdMIA D&#8217;ALFARA<\/strong><br \/>\nDirector: Xesco Guillem i Escobar<\/p>\n<p>Segon Premi amb 264 punts<br \/>\n<strong>UNI\u00d3 MUSICAL I CULTURAL D&#8217;ALTURA<\/strong><br \/>\nDirector: Alvaro G\u00f3mez G\u00f3mez<\/p>\n<p><strong>Mejor Director<\/strong>: Enrique Sapi\u00f1a Garc\u00eda.<\/p>\n<p>L&#8217;esdeveniment, que ha comptat amb la pres\u00e8ncia de la Presidenta de FSMCV, ha evidenciat l&#8217;enorme talent de la m\u00fasica amb origen a la Comunitat Valenciana. Des de FSMCV volem estendre la nostra enhorabona a tots els premiats i a tots els participants, estem orgullosos de tant talent!<\/p>\n<p>El jurat ha estat format per Jos\u00e9 Alam\u00e1 Gil, Lid\u00f3n Valdre Cabaleiro, Isabel Mar\u00eda Rubio Molina, Andr\u00e9s Valero-Castells i Julio Domingo Escamilla.<\/p>\n<p><span class=\"_3gl1 _5zz4\" data-offset-key=\"98ho6-0-0\"><span class=\"_ncl\"><span data-offset-key=\"98ho6-0-0\">&#x1f4f8;<\/span><\/span><\/span><span data-offset-key=\"98ho6-1-0\"> Nuestras Bandas de M\u00fasica.<\/span><\/p>\n","protected":false},"excerpt":{"rendered":"<p>Aquest cap de setmana s&#8217;ha celebrat en el Palau dels Arts de Val\u00e8ncia el 41 Certamen de Bandes de M\u00fasica de la Comunitat Valenciana, amb la col\u00b7laboraci\u00f3 de FSMCV. Els resultats de totes les seccions s\u00f3n els seg\u00fcents: PRIMERA SECCI\u00d3 Primer Premi i Esment d&#8217;Honor amb 365,5 punts BANDA JUVENIL DE LA SOCIETAT MUSICAL INSTRUCTIVA [&hellip;]<\/p>\n","protected":false},"author":2,"featured_media":0,"comment_status":"closed","ping_status":"closed","sticky":false,"template":"","format":"standard","meta":{"footnotes":""},"categories":[234],"tags":[],"class_list":["post-13812","post","type-post","status-publish","format-standard","hentry","category-certamens"],"_links":{"self":[{"href":"https:\/\/fsmcv.org\/vl\/wp-json\/wp\/v2\/posts\/13812","targetHints":{"allow":["GET"]}}],"collection":[{"href":"https:\/\/fsmcv.org\/vl\/wp-json\/wp\/v2\/posts"}],"about":[{"href":"https:\/\/fsmcv.org\/vl\/wp-json\/wp\/v2\/types\/post"}],"author":[{"embeddable":true,"href":"https:\/\/fsmcv.org\/vl\/wp-json\/wp\/v2\/users\/2"}],"replies":[{"embeddable":true,"href":"https:\/\/fsmcv.org\/vl\/wp-json\/wp\/v2\/comments?post=13812"}],"version-history":[{"count":0,"href":"https:\/\/fsmcv.org\/vl\/wp-json\/wp\/v2\/posts\/13812\/revisions"}],"wp:attachment":[{"href":"https:\/\/fsmcv.org\/vl\/wp-json\/wp\/v2\/media?parent=13812"}],"wp:term":[{"taxonomy":"category","embeddable":true,"href":"https:\/\/fsmcv.org\/vl\/wp-json\/wp\/v2\/categories?post=13812"},{"taxonomy":"post_tag","embeddable":true,"href":"https:\/\/fsmcv.org\/vl\/wp-json\/wp\/v2\/tags?post=13812"}],"curies":[{"name":"wp","href":"https:\/\/api.w.org\/{rel}","templated":true}]}}