{"id":13821,"date":"2019-11-05T12:07:35","date_gmt":"2019-11-05T11:07:35","guid":{"rendered":"https:\/\/fsmcv.org\/?post_type=fsmcv-noticias&#038;p=13821"},"modified":"2021-03-26T11:32:09","modified_gmt":"2021-03-26T10:32:09","slug":"bandes-a-les-arts-2020-inscripcion","status":"publish","type":"post","link":"https:\/\/fsmcv.org\/vl\/noticies-campanyes\/bandes-a-les-arts\/bandes-a-les-arts-2020-inscripcion\/","title":{"rendered":"El cicle Bandes a les Arts 2020 obri el per\u00edode d&#8217;inscripci\u00f3"},"content":{"rendered":"<h4>Cada projecte seleccionat comptar\u00e0 amb una dotaci\u00f3 econ\u00f2mica de 2.000\u20ac.<\/h4>\n<p>Un any m\u00e9s, el Palau de les Arts, amb la col.laboraci\u00f3 de FSMCV, realitzar\u00e0 el cicle de concerts Bandes a les Arts, que permetr\u00e0 oferir concerts de Societats Musicals federades dins de la programaci\u00f3 musical del Palau dels Arts.<\/p>\n<p>El termini d&#8217;enviament de sol\u00b7licituds i projectes estar\u00e0 obert des de hui, 5 de novembre de 2019, fins al 25 de novembre de 2019. El resultat de la selecci\u00f3 de projectes, seleccionats a trav\u00e9s d&#8217;una comissi\u00f3 mixta entre FSMCV i el Palau de les Arts, es comunicar\u00e0 per correu electr\u00f2nic a les societats musicals inscrites, i es far\u00e0 p\u00fablic en aquesta web el 5 de desembre.<\/p>\n<blockquote><p>Els concerts tindran lloc els diumenges 1 de mar\u00e7, 29 de mar\u00e7 i 26 d&#8217;abril de 2020 (tots ells amb dos concerts per dia, en horari de 12.00 i 17.00 hores).<\/p><\/blockquote>\n<p>Seguint l&#8217;indicat en les bases les societats musicals interessades hauran de remetre un projecte per a la seua participaci\u00f3 en el cicle \u201cBandes a les Arts\u201d, en el qual es valorar\u00e0 tant la qualitat de la proposta com la integraci\u00f3 del repertori dins de la programaci\u00f3 l\u00edrica de l&#8217;auditori, coincidint aix\u00ed amb els compositors programats en cartell per a cada data de concert triada.<\/p>\n<p>Bases de la convocat\u00f2ria:<\/p>\n<p><a href=\"https:\/\/fsmcv.org\/BTnet-storage\/wp-uploads\/2019\/11\/Bases-Bandes-a-Les-Arts-19-20-VAL.pdf\">Bases Bandes a Les Arts 19-20 VAL<\/a><\/p>\n","protected":false},"excerpt":{"rendered":"<p>Otro a\u00f1o m\u00e1s, el Palau de les Arts, con la colaboraci\u00f3n de FSMCV, realizar\u00e1 el ciclo de conciertos \u201cBandes a les Arts\u201d, que permitir\u00e1 ofrecer conciertos de Sociedades Musicales federadas dentro de la programaci\u00f3n musical del Palau de les Arts.<\/p>\n","protected":false},"author":2,"featured_media":0,"comment_status":"closed","ping_status":"closed","sticky":false,"template":"","format":"standard","meta":{"footnotes":""},"categories":[37],"tags":[],"class_list":["post-13821","post","type-post","status-publish","format-standard","hentry","category-bandes-a-les-arts"],"_links":{"self":[{"href":"https:\/\/fsmcv.org\/vl\/wp-json\/wp\/v2\/posts\/13821","targetHints":{"allow":["GET"]}}],"collection":[{"href":"https:\/\/fsmcv.org\/vl\/wp-json\/wp\/v2\/posts"}],"about":[{"href":"https:\/\/fsmcv.org\/vl\/wp-json\/wp\/v2\/types\/post"}],"author":[{"embeddable":true,"href":"https:\/\/fsmcv.org\/vl\/wp-json\/wp\/v2\/users\/2"}],"replies":[{"embeddable":true,"href":"https:\/\/fsmcv.org\/vl\/wp-json\/wp\/v2\/comments?post=13821"}],"version-history":[{"count":0,"href":"https:\/\/fsmcv.org\/vl\/wp-json\/wp\/v2\/posts\/13821\/revisions"}],"wp:attachment":[{"href":"https:\/\/fsmcv.org\/vl\/wp-json\/wp\/v2\/media?parent=13821"}],"wp:term":[{"taxonomy":"category","embeddable":true,"href":"https:\/\/fsmcv.org\/vl\/wp-json\/wp\/v2\/categories?post=13821"},{"taxonomy":"post_tag","embeddable":true,"href":"https:\/\/fsmcv.org\/vl\/wp-json\/wp\/v2\/tags?post=13821"}],"curies":[{"name":"wp","href":"https:\/\/api.w.org\/{rel}","templated":true}]}}