{"id":13831,"date":"2019-11-05T16:07:44","date_gmt":"2019-11-05T15:07:44","guid":{"rendered":"https:\/\/fsmcv.org\/?post_type=fsmcv-noticias&#038;p=13831"},"modified":"2021-03-26T11:31:48","modified_gmt":"2021-03-26T10:31:48","slug":"el-clarin-dona-inici","status":"publish","type":"post","link":"https:\/\/fsmcv.org\/vl\/area-educativa-vl\/xarxa-centres-educatius\/el-clarin-dona-inici\/","title":{"rendered":"El Clar\u00edn d\u00f3na inici als tallers per a escolars associats al projecte \u201cUna il\u00b7lusi\u00f3 col\u00b7lectiva. El teatre de Joaqu\u00edn Rieta\u201d"},"content":{"rendered":"<h4>M\u00e9s de 600 escolars ja s\u2019han inscrit a estos tallers dissenyats pel professorat de la Universitat Polit\u00e8cnica de Val\u00e8ncia<\/h4>\n<p>La Banda Primitiva de Ll\u00edria va donar inici el passat 29 d&#8217;octubre als tallers per a escolars que formen part del projecte \u201cUna il\u00b7lusi\u00f3 col\u00b7lectiva. El teatre de Joaqu\u00edn Rieta\u201d i que ha dissenyat el cos del professorat de la Universitat Polit\u00e8cnica de Val\u00e8ncia.<\/p>\n<p>L\u2019alumnat del col\u00b7legi Francisco Llopis de Ll\u00edria ha sigut l\u2019encarregat d\u2019encetar este cicle de tallers, amb qu\u00e8 el Clar\u00edn amplia el seu espectre cap a la vessant divulgativa i educativa. A m\u00e9s del taller espec\u00edfic, l\u2019activitat s\u2019ha completat amb una visita teatralitzada pel teatre, amb la col\u00b7laboraci\u00f3 del Grup de Teatre \u201cEl Clar\u00edn, que ha estat amenitzada per la m\u00fasica del professorat de l\u2019Escola de M\u00fasica de la Banda Primitiva de Ll\u00edria.<\/p>\n<p>Esta oferta de la societat musical oferix un ampli ventall de tallers per a escolars del nivells d\u2019Infantil i Prim\u00e0ria, amb tallers d\u2019arquitectura, com a \u201cA muntar escenes!\u201d, \u201cDesigner per un dia\u201d, \u201cKirigami per a la Primitiva\u201d i \u201cMini arquitectes per un dia\u201d; taller d\u2019ac\u00fastica, \u201cEscoltem les difer\u00e8ncies\u201d; taller de m\u00fasica, \u201cDescobrint instruments a trav\u00e9s de la literatura infantil i juvenil\u201d; taller de pintura, \u201cPinta el teu teatre\u201d; i taller de patrimoni immaterial, \u201cConeix, valora i conserva la m\u00fasica\u201d.<\/p>\n<p><em>Durant els pr\u00f2xims dos mesos, m\u00e9s de 600 escolars participaran en estos tallers educatius, amb qu\u00e8 la Banda Primitiva de Ll\u00edria vol posar en valor el seu patrimoni material, difondre la hist\u00f2ria de la societat i fer m\u00e9s atractiva la ensenyan\u00e7a musical entre els m\u00e9s menuts.\u00a0<\/em><\/p>\n","protected":false},"excerpt":{"rendered":"<p>M\u00e9s de 600 escolars ja s\u2019han inscrit a estos tallers dissenyats pel professorat de la Universitat Polit\u00e8cnica de Val\u00e8ncia La Banda Primitiva de Ll\u00edria va donar inici el passat 29 d&#8217;octubre als tallers per a escolars que formen part del projecte \u201cUna il\u00b7lusi\u00f3 col\u00b7lectiva. El teatre de Joaqu\u00edn Rieta\u201d i que ha dissenyat el cos [&hellip;]<\/p>\n","protected":false},"author":2,"featured_media":0,"comment_status":"closed","ping_status":"closed","sticky":false,"template":"","format":"standard","meta":{"footnotes":""},"categories":[164],"tags":[],"class_list":["post-13831","post","type-post","status-publish","format-standard","hentry","category-xarxa-centres-educatius"],"_links":{"self":[{"href":"https:\/\/fsmcv.org\/vl\/wp-json\/wp\/v2\/posts\/13831","targetHints":{"allow":["GET"]}}],"collection":[{"href":"https:\/\/fsmcv.org\/vl\/wp-json\/wp\/v2\/posts"}],"about":[{"href":"https:\/\/fsmcv.org\/vl\/wp-json\/wp\/v2\/types\/post"}],"author":[{"embeddable":true,"href":"https:\/\/fsmcv.org\/vl\/wp-json\/wp\/v2\/users\/2"}],"replies":[{"embeddable":true,"href":"https:\/\/fsmcv.org\/vl\/wp-json\/wp\/v2\/comments?post=13831"}],"version-history":[{"count":0,"href":"https:\/\/fsmcv.org\/vl\/wp-json\/wp\/v2\/posts\/13831\/revisions"}],"wp:attachment":[{"href":"https:\/\/fsmcv.org\/vl\/wp-json\/wp\/v2\/media?parent=13831"}],"wp:term":[{"taxonomy":"category","embeddable":true,"href":"https:\/\/fsmcv.org\/vl\/wp-json\/wp\/v2\/categories?post=13831"},{"taxonomy":"post_tag","embeddable":true,"href":"https:\/\/fsmcv.org\/vl\/wp-json\/wp\/v2\/tags?post=13831"}],"curies":[{"name":"wp","href":"https:\/\/api.w.org\/{rel}","templated":true}]}}