{"id":13903,"date":"2019-11-13T18:08:41","date_gmt":"2019-11-13T17:08:41","guid":{"rendered":"https:\/\/fsmcv.org\/?post_type=fsmcv-noticias&#038;p=13903"},"modified":"2021-04-06T14:25:22","modified_gmt":"2021-04-06T12:25:22","slug":"conciertos-santa-cecilia-sociedad-musical-lira-saguntina","status":"publish","type":"post","link":"https:\/\/fsmcv.org\/vl\/societats-musicals\/conciertos-santa-cecilia-sociedad-musical-lira-saguntina\/","title":{"rendered":"Conciertos Santa Cecilia Sociedad Musical Lira Saguntina"},"content":{"rendered":"<p>Organizado por el Ayuntamiento de Sagunto y la Sociedad Musical Lira Saguntina este fin de semana se ofrecer\u00e1n tres conciertos en conmemoraci\u00f3n de la festividad de Santa Cecilia. Todos ellos en el auditorio Joaqu\u00edn Rodrigo a las 1930h.<\/p>\n<p>El primer concierto ser\u00e1 el viernes 15 donde participar\u00e1n la Banda Juvenil, la Jove Orquestra y la Coral Lira Saguntina. El concierto empezar\u00e1 con la participaci\u00f3n de la banda Juvenil que, bajo la direcci\u00f3n de Rafael Domenech P\u00e9rez, interpretar\u00e1n obras de Jacob de Hann y John Kinyon. En segundo lugar, la Jove Orquestra interpretar\u00e1, entre otras, una sinfon\u00eda para cuerdas de Antonio Vivaldi y el sublime Oblivion de Astor Piazzolla, con la solista al cello Livia Constanza Cerd\u00e1 Ram\u00f3n. Cerrar\u00e1 el concierto la Coral Lira Saguntina bajo la direcci\u00f3n de Santiago Diaz Santamaria interpretando un programa variado de distintas \u00e9pocas y estilos.<\/p>\n<p>El segundo concierto ser\u00e1 el de la Orquesta Sinf\u00f3nica Lira Saguntina, en el cual su director Ram\u00f3n Zacar\u00edas Cerd\u00e1 Ram\u00f3n nos propone como obras principales la sinfon\u00eda para cuerdas n\u00famero 10 de Felix Mendelssohn y en la segunda parte una Suite con los n\u00fameros m\u00e1s c\u00e9lebres del musical West Side Story de Leonard Bernstein.<\/p>\n<p>El domingo ser\u00e1 el turno de la Banda Sinf\u00f3nica, la cual, bajo la direcci\u00f3n de Rafael Domenech P\u00e9rez, interpretar\u00e1 obras de Johannes Brahms, Giuseppe Verdi y del propio director de la agrupaci\u00f3n.<\/p>\n<p>En los tres conciertos se dar\u00e1 la bienvenida a las agrupaciones a los nuevos componentes que pasar a formar parte de estas, en las especialidades de viol\u00edn, viola, clarinete, trompeta y trompa.<\/p>\n<p>&nbsp;<\/p>\n","protected":false},"excerpt":{"rendered":"<p>En los tres conciertos se dar\u00e1 la bienvenida a las agrupaciones a los nuevos componentes que pasar a formar parte de estas, en las especialidades de viol\u00edn, viola, clarinete, trompeta y trompa.<\/p>\n","protected":false},"author":2,"featured_media":0,"comment_status":"closed","ping_status":"closed","sticky":false,"template":"","format":"standard","meta":{"footnotes":""},"categories":[56],"tags":[],"class_list":["post-13903","post","type-post","status-publish","format-standard","hentry","category-societats-musicals"],"_links":{"self":[{"href":"https:\/\/fsmcv.org\/vl\/wp-json\/wp\/v2\/posts\/13903","targetHints":{"allow":["GET"]}}],"collection":[{"href":"https:\/\/fsmcv.org\/vl\/wp-json\/wp\/v2\/posts"}],"about":[{"href":"https:\/\/fsmcv.org\/vl\/wp-json\/wp\/v2\/types\/post"}],"author":[{"embeddable":true,"href":"https:\/\/fsmcv.org\/vl\/wp-json\/wp\/v2\/users\/2"}],"replies":[{"embeddable":true,"href":"https:\/\/fsmcv.org\/vl\/wp-json\/wp\/v2\/comments?post=13903"}],"version-history":[{"count":0,"href":"https:\/\/fsmcv.org\/vl\/wp-json\/wp\/v2\/posts\/13903\/revisions"}],"wp:attachment":[{"href":"https:\/\/fsmcv.org\/vl\/wp-json\/wp\/v2\/media?parent=13903"}],"wp:term":[{"taxonomy":"category","embeddable":true,"href":"https:\/\/fsmcv.org\/vl\/wp-json\/wp\/v2\/categories?post=13903"},{"taxonomy":"post_tag","embeddable":true,"href":"https:\/\/fsmcv.org\/vl\/wp-json\/wp\/v2\/tags?post=13903"}],"curies":[{"name":"wp","href":"https:\/\/api.w.org\/{rel}","templated":true}]}}