{"id":13906,"date":"2019-11-14T12:21:10","date_gmt":"2019-11-14T11:21:10","guid":{"rendered":"https:\/\/fsmcv.org\/?post_type=fsmcv-noticias&#038;p=13906"},"modified":"2021-04-06T14:24:49","modified_gmt":"2021-04-06T12:24:49","slug":"questionari-amb-ritme-domingo","status":"publish","type":"post","link":"https:\/\/fsmcv.org\/vl\/societats-musicals\/questionari-amb-ritme-domingo\/","title":{"rendered":"Q\u00fcestionari amb ritme: Domingo Carles"},"content":{"rendered":"<p>Una vegada m\u00e9s us portem el nostre Q\u00fcestionari amb Ritme. En aquesta secci\u00f3 coneixerem, a trav\u00e9s d&#8217;una bateria r\u00e0pida de preguntes, a les diferents cares que componen la societat musical valenciana. Despr\u00e9s del nostre \u00faltim protagonista,<a href=\"https:\/\/fsmcv.org\/es\/actualidad\/otras-noticias\/questionari-amb-ritme-remigi\"> Remigi Morant<\/a>, anem amb una cara nova: Domingo Carles, Vocal i President Comarcal Ciutat de Val\u00e8ncia.<\/p>\n<ol>\n<li><strong>Paella o arr\u00f2s al forn?<\/strong><br \/>\nPaella.<\/li>\n<li><strong>Recomana&#8217;ns una novel\u00b7la, una pel\u00b7l\u00edcula i un disc recent<\/strong><br \/>\nLa Catedral del Mar, L&#8217;Impossible i \u201cSunset at Stonehenge\u201d d&#8217;U2.<\/li>\n<li><strong>Toques algun instrument?<\/strong><br \/>\nS\u00ed, Saxo Tenor.<\/li>\n<li><strong>Qu\u00e8 sona a la teua casa un diumenge qualsevol?<\/strong><br \/>\nM\u00fasica de banda i m\u00fasica dels 80.<\/li>\n<li><strong>Millor concert de la teua vida?<\/strong><br \/>\nConcert realitzat a la Platja les Arenes per la Banda Simf\u00f2nica del Mar\u00edtim el passat 8 de Setembre.<\/li>\n<li><strong>Un poble per descobrir de la CV<\/strong><br \/>\nCat\u00ed.<\/li>\n<li><strong>Quin \u00e9s el teu menjar favorit?<\/strong><br \/>\nDe cullera en general. Un bon bullit.<\/li>\n<li><strong>A qu\u00e8 sona la CV?<\/strong><br \/>\nA m\u00fasica de festes populars. Falles, *Fogueres,\u00a0 *Gallates, Moros i Cristians, Setmana Santa Marinera&#8230;<\/li>\n<li><strong>Recomana&#8217;ns una app que tingues instal\u00b7lada en el m\u00f2bil.<\/strong><br \/>\niReal Pro.<\/li>\n<li><strong>Quina can\u00e7\u00f3 et poses per a motivar-te?<\/strong><br \/>\n\u201cShow must go on\u201d de Queen.<\/li>\n<li><strong>Si pogueres tornar en el temps a qualsevol moment de la hist\u00f2ria, quan seria?<\/strong><br \/>\n\u00c8poca universit\u00e0ria.<\/li>\n<li><strong>Quin meme o v\u00eddeo t&#8217;ha fet riure recentment?<\/strong><br \/>\n<img fetchpriority=\"high\" decoding=\"async\" class=\"aligncenter size-full wp-image-13907\" src=\"https:\/\/fsmcv.org\/BTnet-storage\/wp-uploads\/2019\/11\/c5a4d27ed1478faf0fd6c1bbf6bc3073.jpg\" alt=\"\" width=\"279\" height=\"181\" title=\"\"><\/li>\n<li><strong>Dis-nos una dona a la qual admires.<\/strong><br \/>\nA la meua \u00e0via Pilar.<\/li>\n<li><strong>Quin \u00e9s el teu moment favorit del dia?<\/strong><br \/>\nA primera hora, el fresc matinal.<\/li>\n<\/ol>\n<p>&nbsp;<\/p>\n","protected":false},"excerpt":{"rendered":"<p>14 preguntes amb molt ritme.<\/p>\n","protected":false},"author":2,"featured_media":0,"comment_status":"closed","ping_status":"closed","sticky":false,"template":"","format":"standard","meta":{"footnotes":""},"categories":[56],"tags":[],"class_list":["post-13906","post","type-post","status-publish","format-standard","hentry","category-societats-musicals"],"_links":{"self":[{"href":"https:\/\/fsmcv.org\/vl\/wp-json\/wp\/v2\/posts\/13906","targetHints":{"allow":["GET"]}}],"collection":[{"href":"https:\/\/fsmcv.org\/vl\/wp-json\/wp\/v2\/posts"}],"about":[{"href":"https:\/\/fsmcv.org\/vl\/wp-json\/wp\/v2\/types\/post"}],"author":[{"embeddable":true,"href":"https:\/\/fsmcv.org\/vl\/wp-json\/wp\/v2\/users\/2"}],"replies":[{"embeddable":true,"href":"https:\/\/fsmcv.org\/vl\/wp-json\/wp\/v2\/comments?post=13906"}],"version-history":[{"count":0,"href":"https:\/\/fsmcv.org\/vl\/wp-json\/wp\/v2\/posts\/13906\/revisions"}],"wp:attachment":[{"href":"https:\/\/fsmcv.org\/vl\/wp-json\/wp\/v2\/media?parent=13906"}],"wp:term":[{"taxonomy":"category","embeddable":true,"href":"https:\/\/fsmcv.org\/vl\/wp-json\/wp\/v2\/categories?post=13906"},{"taxonomy":"post_tag","embeddable":true,"href":"https:\/\/fsmcv.org\/vl\/wp-json\/wp\/v2\/tags?post=13906"}],"curies":[{"name":"wp","href":"https:\/\/api.w.org\/{rel}","templated":true}]}}