{"id":13918,"date":"2019-11-14T13:39:27","date_gmt":"2019-11-14T12:39:27","guid":{"rendered":"https:\/\/fsmcv.org\/?post_type=fsmcv-noticias&#038;p=13918"},"modified":"2021-04-06T14:13:49","modified_gmt":"2021-04-06T12:13:49","slug":"josu-de-solaun-ofrecera-un-recital-en-las-jornadas-de-piano-de-oviedo-con-obras-de-compositores-espanoles-y-europeos","status":"publish","type":"post","link":"https:\/\/fsmcv.org\/vl\/societats-musicals\/josu-de-solaun-ofrecera-un-recital-en-las-jornadas-de-piano-de-oviedo-con-obras-de-compositores-espanoles-y-europeos\/","title":{"rendered":"Josu de Solaun ofrecer\u00e1 un recital en las Jornadas de Piano de Oviedo con obras de compositores espa\u00f1oles y europeos"},"content":{"rendered":"<p>El pianista valenciano interpretar\u00e1 a Liszt, Scriabin, Debussy, Enescu,<br \/>\nChuli\u00e1, Falla, Garc\u00eda Rom\u00e1n, Turina, Medtner y Szymanowski en el<br \/>\nAuditorio Pr\u00edncipe Felipe de Oviedo, el viernes 15 de noviembre a las 20h.<\/p>\n<p>De Solaun asegura que \u201cestoy muy ilusionado con mi primera<br \/>\nparticipaci\u00f3n en este prestigioso festival y con el recital que ofrecer\u00e9<br \/>\nen una edici\u00f3n en la que participan grandes pianistas\u201d.<\/p>\n<p>El concertista actuar\u00e1 como solista con la Orquesta Filarm\u00f3nica Ion<br \/>\nDumitrescu, dirigida por Radu Gabriel Ciorei, en Totentanz de Liszt en<br \/>\nla ciudad de Ramnicu Valcea (Ruman\u00eda) el 25 de noviembre.<\/p>\n<p>El pianista tiene previsto grabar Totentanz y el Concierto 1 y 2 del<br \/>\ncompositor austro-h\u00fangaro con la Orquesta Sinf\u00f3nica de Moravia<br \/>\n(Rep\u00fablica Checa) para el sello Melos en abril de 2020.<\/p>\n<p>De Solaun recibir\u00e1 en Madrid, el 2 de diciembre, la condecoracion del<br \/>\nGobierno de Rumania como Oficial de M\u00e9rito Cultural que le ofreci\u00f3 el<br \/>\npresidente, Klaus Iohannis, en febrero pasado.<\/p>\n","protected":false},"excerpt":{"rendered":"<p>El pianista valenciano interpretar\u00e1 a Liszt, Scriabin, Debussy, Enescu,<br \/>\nChuli\u00e1, Falla, Garc\u00eda Rom\u00e1n, Turina, Medtner y Szymanowski en el<br \/>\nAuditorio Pr\u00edncipe Felipe de Oviedo, el viernes 15 de noviembre a las 20h.<\/p>\n","protected":false},"author":2,"featured_media":0,"comment_status":"closed","ping_status":"closed","sticky":false,"template":"","format":"standard","meta":{"footnotes":""},"categories":[56],"tags":[],"class_list":["post-13918","post","type-post","status-publish","format-standard","hentry","category-societats-musicals"],"_links":{"self":[{"href":"https:\/\/fsmcv.org\/vl\/wp-json\/wp\/v2\/posts\/13918","targetHints":{"allow":["GET"]}}],"collection":[{"href":"https:\/\/fsmcv.org\/vl\/wp-json\/wp\/v2\/posts"}],"about":[{"href":"https:\/\/fsmcv.org\/vl\/wp-json\/wp\/v2\/types\/post"}],"author":[{"embeddable":true,"href":"https:\/\/fsmcv.org\/vl\/wp-json\/wp\/v2\/users\/2"}],"replies":[{"embeddable":true,"href":"https:\/\/fsmcv.org\/vl\/wp-json\/wp\/v2\/comments?post=13918"}],"version-history":[{"count":0,"href":"https:\/\/fsmcv.org\/vl\/wp-json\/wp\/v2\/posts\/13918\/revisions"}],"wp:attachment":[{"href":"https:\/\/fsmcv.org\/vl\/wp-json\/wp\/v2\/media?parent=13918"}],"wp:term":[{"taxonomy":"category","embeddable":true,"href":"https:\/\/fsmcv.org\/vl\/wp-json\/wp\/v2\/categories?post=13918"},{"taxonomy":"post_tag","embeddable":true,"href":"https:\/\/fsmcv.org\/vl\/wp-json\/wp\/v2\/tags?post=13918"}],"curies":[{"name":"wp","href":"https:\/\/api.w.org\/{rel}","templated":true}]}}