{"id":13925,"date":"2019-11-14T13:46:04","date_gmt":"2019-11-14T12:46:04","guid":{"rendered":"https:\/\/fsmcv.org\/?post_type=fsmcv-noticias&#038;p=13925"},"modified":"2021-04-06T14:13:02","modified_gmt":"2021-04-06T12:13:02","slug":"societat-lirica-i-musical-de-benissa-nit-dalbaes-santa-cecilia","status":"publish","type":"post","link":"https:\/\/fsmcv.org\/vl\/societats-musicals\/societat-lirica-i-musical-de-benissa-nit-dalbaes-santa-cecilia\/","title":{"rendered":"Societat L\u00edrica i Musical de Benissa &#8211; &#8220;Nit d&#8217;albaes&#8221; (Santa Cec\u00edlia)"},"content":{"rendered":"<p>El pr\u00f2xim dissabte dia 16, la Societat L\u00edrica i Musical<br \/>\nde Benissa, dins de la programaci\u00f3 en motiu de la celebraci\u00f3 de Santa<br \/>\nCec\u00edlia, dur\u00e0 realitzar\u00e0 una &#8220;Nit d&#8217;albaes&#8221; per a rebre a les noves<br \/>\nincorporacions al grup. Aquest acte comen\u00e7ar\u00e0 a les 22.30h davant del<br \/>\ncreama, i recorreran diversos carrers del poble acompanyats, en esta<br \/>\nocasi\u00f3, per la Colla El Riberer de Benissa. Per tal de contextualitzar<br \/>\naquest acte, i celebrant que \u00e9s el 5\u00e8 any consecutiu que es realitza per<br \/>\nmembres de la pr\u00f2pia banda, Quico Llopis Ivars, saxofonista i estudiant<br \/>\nde musicologia, ha escrit un article explicant m\u00e9s concretament qu\u00e8 s\u00f3n<br \/>\nles albaes.<\/p>\n<p><a href=\"https:\/\/fsmcv.org\/BTnet-storage\/wp-uploads\/2019\/11\/Les-Albaes-una-expressio\u0301-valenciana-de-nord-a-sud.odt\" target=\"_blank\" rel=\"noopener noreferrer\">Les Albaes, una expressio\u0301 valenciana de nord a sud<\/a><\/p>\n","protected":false},"excerpt":{"rendered":"<p>El pr\u00f2xim dissabte dia 16, la Societat L\u00edrica i Musical de Benissa, dins de la programaci\u00f3 en motiu de la celebraci\u00f3 de Santa Cec\u00edlia, dur\u00e0 realitzar\u00e0 una &#8220;Nit d&#8217;albaes&#8221; per a rebre a les noves incorporacions al grup. Aquest acte comen\u00e7ar\u00e0 a les 22.30h davant del creama, i recorreran diversos carrers del poble acompanyats, en [&hellip;]<\/p>\n","protected":false},"author":2,"featured_media":0,"comment_status":"closed","ping_status":"closed","sticky":false,"template":"","format":"standard","meta":{"footnotes":""},"categories":[56],"tags":[],"class_list":["post-13925","post","type-post","status-publish","format-standard","hentry","category-societats-musicals"],"_links":{"self":[{"href":"https:\/\/fsmcv.org\/vl\/wp-json\/wp\/v2\/posts\/13925","targetHints":{"allow":["GET"]}}],"collection":[{"href":"https:\/\/fsmcv.org\/vl\/wp-json\/wp\/v2\/posts"}],"about":[{"href":"https:\/\/fsmcv.org\/vl\/wp-json\/wp\/v2\/types\/post"}],"author":[{"embeddable":true,"href":"https:\/\/fsmcv.org\/vl\/wp-json\/wp\/v2\/users\/2"}],"replies":[{"embeddable":true,"href":"https:\/\/fsmcv.org\/vl\/wp-json\/wp\/v2\/comments?post=13925"}],"version-history":[{"count":0,"href":"https:\/\/fsmcv.org\/vl\/wp-json\/wp\/v2\/posts\/13925\/revisions"}],"wp:attachment":[{"href":"https:\/\/fsmcv.org\/vl\/wp-json\/wp\/v2\/media?parent=13925"}],"wp:term":[{"taxonomy":"category","embeddable":true,"href":"https:\/\/fsmcv.org\/vl\/wp-json\/wp\/v2\/categories?post=13925"},{"taxonomy":"post_tag","embeddable":true,"href":"https:\/\/fsmcv.org\/vl\/wp-json\/wp\/v2\/tags?post=13925"}],"curies":[{"name":"wp","href":"https:\/\/api.w.org\/{rel}","templated":true}]}}