{"id":13943,"date":"2019-11-18T10:11:26","date_gmt":"2019-11-18T09:11:26","guid":{"rendered":"https:\/\/fsmcv.org\/?post_type=fsmcv-noticias&#038;p=13943"},"modified":"2021-04-06T14:12:40","modified_gmt":"2021-04-06T12:12:40","slug":"santa-cecilia-societat-ateneu-musical-de-la-vila-joiosa","status":"publish","type":"post","link":"https:\/\/fsmcv.org\/vl\/societats-musicals\/santa-cecilia-societat-ateneu-musical-de-la-vila-joiosa\/","title":{"rendered":"Santa Cecilia: Societat Ateneu Musical de la Vila Joiosa"},"content":{"rendered":"<p>Enguany, la Societat Ateneu Musical de la Vila Joiosa ha dissenyat un extens programa commemoratiu de Santa Cecilia que arranca el dissabte 16 de novembre amb la \u201carrepleg\u00e0\u201d de nous m\u00fasics, 8 enguany, i continuar\u00e0 l&#8217;endem\u00e0 amb el Concert de l&#8217;Orquestra de Corda de l&#8217;Ateneu (OCA) en el Teatre Auditori a les 19.00 hores. El dimecres dia 20 tindr\u00e0 lloc el Concert del Grup de Percussi\u00f3 de l&#8217;Ateneu en el Llar del Pensionista a les 20.00 hores. El 24 de novembre, el dia comen\u00e7ar\u00e0 a les 11.00 hores amb un cercaviles pel centre de la Vila, abans de donar comen\u00e7ament a les 12.00 hores el Concert de la Banda Simf\u00f2nica de l&#8217;Ateneu Musical en el Teatre Auditori, en honor a la Santa Cecilia. Finalitzen els actes de l&#8217;Ateneu Musical el seg\u00fcent dissabte, dia 30 de novembre, amb el tradicional \u201cdinar de germanor\u201d.<\/p>\n","protected":false},"excerpt":{"rendered":"<p>Enguany, la Societat Ateneu Musical de la Vila Joiosa ha dissenyat un extens programa commemoratiu de Santa Cecilia que arranca el dissabte 16 de novembre amb la \u201carrepleg\u00e0\u201d de nous m\u00fasics, 8 enguany, i continuar\u00e0 l&#8217;endem\u00e0 amb el Concert de l&#8217;Orquestra de Corda de l&#8217;Ateneu (OCA) en el Teatre Auditori a les 19.00 hores. El [&hellip;]<\/p>\n","protected":false},"author":2,"featured_media":0,"comment_status":"closed","ping_status":"closed","sticky":false,"template":"","format":"standard","meta":{"footnotes":""},"categories":[56],"tags":[],"class_list":["post-13943","post","type-post","status-publish","format-standard","hentry","category-societats-musicals"],"_links":{"self":[{"href":"https:\/\/fsmcv.org\/vl\/wp-json\/wp\/v2\/posts\/13943","targetHints":{"allow":["GET"]}}],"collection":[{"href":"https:\/\/fsmcv.org\/vl\/wp-json\/wp\/v2\/posts"}],"about":[{"href":"https:\/\/fsmcv.org\/vl\/wp-json\/wp\/v2\/types\/post"}],"author":[{"embeddable":true,"href":"https:\/\/fsmcv.org\/vl\/wp-json\/wp\/v2\/users\/2"}],"replies":[{"embeddable":true,"href":"https:\/\/fsmcv.org\/vl\/wp-json\/wp\/v2\/comments?post=13943"}],"version-history":[{"count":0,"href":"https:\/\/fsmcv.org\/vl\/wp-json\/wp\/v2\/posts\/13943\/revisions"}],"wp:attachment":[{"href":"https:\/\/fsmcv.org\/vl\/wp-json\/wp\/v2\/media?parent=13943"}],"wp:term":[{"taxonomy":"category","embeddable":true,"href":"https:\/\/fsmcv.org\/vl\/wp-json\/wp\/v2\/categories?post=13943"},{"taxonomy":"post_tag","embeddable":true,"href":"https:\/\/fsmcv.org\/vl\/wp-json\/wp\/v2\/tags?post=13943"}],"curies":[{"name":"wp","href":"https:\/\/api.w.org\/{rel}","templated":true}]}}