{"id":13950,"date":"2019-11-18T10:27:28","date_gmt":"2019-11-18T09:27:28","guid":{"rendered":"https:\/\/fsmcv.org\/?post_type=fsmcv-noticias&#038;p=13950"},"modified":"2021-04-06T14:12:15","modified_gmt":"2021-04-06T12:12:15","slug":"programacio-de-la-setmana-de-la-musica-del-18-al-24-de-novembre","status":"publish","type":"post","link":"https:\/\/fsmcv.org\/vl\/societats-musicals\/programacio-de-la-setmana-de-la-musica-del-18-al-24-de-novembre\/","title":{"rendered":"Programaci\u00f3 de la Setmana de la M\u00fasica del 18 al 24 de Novembre"},"content":{"rendered":"<p>Durant la setmana del 18 al 24 de Novembre, amb motiu de la festa de Santa Cec\u00edlia 2019, l\u2019Escola de M\u00fasica de la SAM La Vall de C\u00e0rcer, organitza la Setmana de la M\u00fasica amb audicions, tallers i activitats.<\/p>\n<p>El Director de l\u2019Escola, Claustre de Professors, el President i Junta directiva de la S.A.M. vos anima a participar en totes les activitats i vos desitgem FELI\u00c7 SANTA CECILIA 2019.<\/p>\n<p>PROGRAMACI\u00d3 D&#8217;ACTIVITATS SETMANA CULTURAL<br \/>\nDilluns 18<\/p>\n<p>17,00 h TALLER per als\/les alumnes de Taller<\/p>\n<p>17,30 h. TALLER  per als\/les alumnes de  1r  i 2n  de Llenguatge Musical.<\/p>\n<p>19,00 h. Audici\u00f3 de Percussi\u00f3 i Batuka. Lloc: Aula d\u2019Assajos (9)<\/p>\n<p>Dimarts 19<\/p>\n<p> 18,30 h. TALLER  per als\/les alumnes d\u2019 INICIACI\u00d3.<\/p>\n<p>Dimecres 20<\/p>\n<p>18,00 h. es sabr\u00e0n els guanyadors\/es del concurs de dibuix \u201cES BUSCA la mascota de l\u2019Escola de M\u00fasica S.A.M. La Vall de C\u00e0rcer<\/p>\n<p>A partir de les 19,00 portes obertes per als pares i mares del alumnes<\/p>\n<p>Dijous 21<\/p>\n<p>17,30 h. TALLER  per als\/les alumnes  de 3r i 4rt<\/p>\n<p>18,30 h. AUDICI\u00d3 de Flauta i Clarinet. Lloc: Aula d\u2019Assajos (9)<\/p>\n<p>Divendres 22<\/p>\n<p>17,30 h AUDICI\u00d3 de Saxo, Tompeta, Trompa i Metall Greu<\/p>\n<p>Dissabte 23<\/p>\n<p>11,30 h. AUDICI\u00d3 de piano i clarinet<\/p>\n<p>17,30 h. JOCS Musicals i Concursos, karaoke i despr\u00e9s berenar per als\/les  alumnes de l\u2019Escola de M\u00fasica i Banda Infantil i Juvenil.<\/p>\n<p>PROGRAMACI\u00d3 GENERAL DE SANTA CEC\u00cdLIA 2019 \u2013 Assajos, Activitats i Actes<br \/>\nDivendres 15<\/p>\n<p>Assaig amb horari habitual 22,00 h<\/p>\n<p>La setmana pr\u00f2xima \u00faltim assaig per determinar dia i hora<\/p>\n<p>Divendres 22 \u201cDia de Santa Cecilia\u201d Patrona dels M\u00fasics i M\u00fasiques<\/p>\n<p>19,30 h. Cercavila oficial de Santa Cecilia 2019, pels carrers del poble amb la participaci\u00f3 de les dues bandes per a recollir als nous educands  de la Banda Juvenil<\/p>\n<p>A les 20,30 h. Tradicional Concert de Santa Cecilia 2019 \u201cLes Nostres Bandes\u201d \u201cHomentage als Socis de la SAM\u201d in memoriam Agust\u00edn Sales Angulo \u2013 President d\u2019Honor de la S.A.M.<\/p>\n<p>Al finalitzar tradiconal VI D\u2019HONOR al Centre Cultural. Despr\u00e9s \u201csopar sobaquer\u201d de musics,  m\u00fasiques  i junta directiva<\/p>\n<p>Dissabte 23<\/p>\n<p>Activitats esportives  (per determinar). Despr\u00e9s esmorzar per als participants.<\/p>\n<p>A les 21,30 h. aprox. A la Piscina Municipal de C\u00e0rcer,  anirem acudint per a fer-nos la cerveseta o el vinet amb pernilet ec. Despr\u00e9s soparem.<\/p>\n<p>Al acabar \u201cfesteta\u201d.<\/p>\n<p>Diumenge 24<\/p>\n<p>A partir de les 9,30 h. tradicional esmorzar de \u201cCoques amb cansal\u00e0\u201d abans de la misa a les 11,15 cercavila des del Musical fins l\u2019Esglesia<\/p>\n<p>A les 11,30 h. Missa solemne en honor a Santa Cec\u00edlia, la nostra patrona,amb la participaci\u00f3 del grup de la S.A.M. I per primera vegada el Cor d\u2019adults de l\u2019Escola de M\u00fasica<\/p>\n<p>En acabar la misa, cercavila fins el Musical.<\/p>\n<p>A les 14,30 h. tradicional Dinar de Germanor i conviv\u00e8ncia de la nostra S.A.M. a la piscina municipal. \u00abCassoles d\u2019Arr\u00f2s al Forn\u201d<\/p>\n","protected":false},"excerpt":{"rendered":"<p>Durant la setmana del 18 al 24 de Novembre, amb motiu de la festa de Santa Cec\u00edlia 2019, l\u2019Escola de M\u00fasica de la SAM La Vall de C\u00e0rcer, organitza la Setmana de la M\u00fasica amb audicions, tallers i activitats. El Director de l\u2019Escola, Claustre de Professors, el President i Junta directiva de la S.A.M. vos [&hellip;]<\/p>\n","protected":false},"author":2,"featured_media":0,"comment_status":"closed","ping_status":"closed","sticky":false,"template":"","format":"standard","meta":{"footnotes":""},"categories":[56],"tags":[],"class_list":["post-13950","post","type-post","status-publish","format-standard","hentry","category-societats-musicals"],"_links":{"self":[{"href":"https:\/\/fsmcv.org\/vl\/wp-json\/wp\/v2\/posts\/13950","targetHints":{"allow":["GET"]}}],"collection":[{"href":"https:\/\/fsmcv.org\/vl\/wp-json\/wp\/v2\/posts"}],"about":[{"href":"https:\/\/fsmcv.org\/vl\/wp-json\/wp\/v2\/types\/post"}],"author":[{"embeddable":true,"href":"https:\/\/fsmcv.org\/vl\/wp-json\/wp\/v2\/users\/2"}],"replies":[{"embeddable":true,"href":"https:\/\/fsmcv.org\/vl\/wp-json\/wp\/v2\/comments?post=13950"}],"version-history":[{"count":0,"href":"https:\/\/fsmcv.org\/vl\/wp-json\/wp\/v2\/posts\/13950\/revisions"}],"wp:attachment":[{"href":"https:\/\/fsmcv.org\/vl\/wp-json\/wp\/v2\/media?parent=13950"}],"wp:term":[{"taxonomy":"category","embeddable":true,"href":"https:\/\/fsmcv.org\/vl\/wp-json\/wp\/v2\/categories?post=13950"},{"taxonomy":"post_tag","embeddable":true,"href":"https:\/\/fsmcv.org\/vl\/wp-json\/wp\/v2\/tags?post=13950"}],"curies":[{"name":"wp","href":"https:\/\/api.w.org\/{rel}","templated":true}]}}