{"id":13959,"date":"2019-11-18T10:45:18","date_gmt":"2019-11-18T09:45:18","guid":{"rendered":"https:\/\/fsmcv.org\/?post_type=fsmcv-noticias&#038;p=13959"},"modified":"2021-04-06T14:11:33","modified_gmt":"2021-04-06T12:11:33","slug":"la-banda-de-benissa-concert-de-santa-cecilia","status":"publish","type":"post","link":"https:\/\/fsmcv.org\/vl\/societats-musicals\/la-banda-de-benissa-concert-de-santa-cecilia\/","title":{"rendered":"LA BANDA DE BENISSA: CONCERT DE SANTA CEC\u00cdLIA"},"content":{"rendered":"<p><strong>LA BANDA DE BENISSA REALIZAR\u00c1 EL CONCIERTO DE SANTA CECILIA DE ESTE<\/strong><br \/>\n<strong>A\u00d1O, \u201cMITOLOG\u00cdAS\u201d, EN EL AUDITORIO TEULADA MORAIRA<\/strong><\/p>\n<p><em>La Societat L\u00edrica i Musical de Benissa aumenta los esfuerzos para ofrecer a su<\/em><br \/>\n<em>p\u00fablico m\u00fasica de calidad. El concierto que se est\u00e1 preparando para Santa Cecilia,<\/em><br \/>\n<em>que lleva por t\u00edtulo \u201cMitolog\u00edas\u201d, y bajo la direcci\u00f3n de Miguel A. Grau Mart\u00ednez, este<\/em><br \/>\n<em>a\u00f1o se llevar\u00e1 a cabo en el Auditorio Teulada Moraira por cuestiones de aforo y<\/em><br \/>\n<em>seguridad.<\/em><\/p>\n<p>El concierto programado para el s\u00e1bado 23 de noviembre, a las 19h, y con el t\u00edtulo \u201cMitolog\u00edas\u201d, este a\u00f1o viene acompa\u00f1ado de otras<br \/>\nnovedades. La dificultad en la ejecuci\u00f3n del mismo no permite una doble sesi\u00f3n, tal y como ven\u00eda haci\u00e9ndose en los \u00faltimos a\u00f1os. Despu\u00e9s de un largo debate interno, y sin haber encontrado alternativas posibles en Benissa, la Societat L\u00edrica i Musical de Benissa opta<br \/>\npara realizarlo en el Auditori Teulada Moraira.<br \/>\nLa asociaci\u00f3n no quiere renunciar ni al nivel musical logrado en los \u00faltimos tiempos ni al hecho que ninguna persona interesada en asistir no lo pueda hacer. Adem\u00e1s, la cantidad de personas que conforman la banda ya supera la capacidad del escenario del Centre d\u2019art Taller d\u2019Ivars. Por estos motivos, de aforo y de seguridad, se ha tomado esta decisi\u00f3n tan complicada.<br \/>\nPara facilitar la asistencia se habilitar\u00e1 un servicio de autobuses que cubrir\u00e1 el trayecto desde Benissa hasta el recinto para todas las personas que as\u00ed lo desean. Para hacer uso de este servicio, las personas interesadas se tendr\u00e1n que inscribir en el momento en el que<br \/>\nadquieran su entrada. El d\u00eda del concierto el autob\u00fas saldr\u00e1 a las 18h de la Avenida L&#8217;Alc\u00fadia, a la altura del asilo San Joaqu\u00edn y Santa Anna.<br \/>\nEsta compra se podr\u00e1 hacer en el espacio que se habilitar\u00e1 en C\/Nou n.\u00ba 7 (antigua oficina de Ferrer Rodr\u00edguez e hijos -AXA-), donde estar\u00e1n a la venta a partir del d\u00eda 13 de noviembre. El horario de venta ser\u00e1: mi\u00e9rcoles 13, jueves 14 y viernes 15, de 17h a 20h, y el s\u00e1bado 16 de 11h a 13h. Las personas con problemas de movilidad que no puedan acudir presencialmente, podr\u00e1n hacerlo a trav\u00e9s del correo electr\u00f3nico (info@bandadebenissa.org) o a trav\u00e9s del tel\u00e9fono 629 287 408.<br \/>\nEl precio de las entradas ser\u00e1 de 5\u20ac, excepto las personas socias que la podr\u00e1n adquirir con un 100% de descuento, es decir, sin ning\u00fan coste, puesto que es uno de los beneficios de pertenecer a la asociaci\u00f3n. Desde la misma se quiere remarcar que, como que el Auditori<br \/>\nTeulada Moraira cuenta con unas caracter\u00edsticas de sonoridad y de calidad excepcionales, cualquiera de las localidades disponibles aseguran la comodidad y la visibilidad necesaria para disfrutar del concierto.<br \/>\nEste cambio, lejos de desmotivar, ha acontecido todo un reto para la banda, tal y como manifiesta su director, Miguel A. Grau Mart\u00ednez: &#8220;Realizar el concierto en el Auditori Teulada Moraira es una gran oportunidad para poder demostrar todo el esfuerzo que llevamos haciendo desde que empezamos los ensayos en septiembre. Adem\u00e1s, para las personas de la banda implicar\u00e1 todo un ejercicio de concentraci\u00f3n, mucho m\u00e1s elevado que el que requer\u00eda el Centre d\u2019art Taller d\u2019Ivars, puesto que en el Auditori Teulada Moraira la ac\u00fastica es muy buena y no podemos dejar pasar la oportunidad de disfrutarla al m\u00e1ximo&#8221;. La junta directiva de la Societat L\u00edrica i Musical de Benissa se muestra muy optimista y satisfecha con este cambio, todo y la tarea de log\u00edstica que supone: \u201cPara nosotros ha sido una decisi\u00f3n complicada de tomar, pero ten\u00edamos que priorizar la seguridad tanto del p\u00fablico como de la banda, y tambi\u00e9n valorar la calidad que hemos adquirido en los \u00faltimos a\u00f1os. Todo esto ha supuesto muchas m\u00e1s reuniones as\u00ed como un mayor volumen de trabajo por toda la organizaci\u00f3n que implica, pero la ilusi\u00f3n de poder hacer el concierto en un espacio como el Auditori Teulada Moraira nos ha dado la energ\u00eda necesaria para seguir adelante\u201d opina Nuria Ivars Bertomeu, presidenta de la entidad.<\/p>\n","protected":false},"excerpt":{"rendered":"<p>LA BANDA DE BENISSA REALIZAR\u00c1 EL CONCIERTO DE SANTA CECILIA DE ESTE A\u00d1O, \u201cMITOLOG\u00cdAS\u201d, EN EL AUDITORIO TEULADA MORAIRA La Societat L\u00edrica i Musical de Benissa aumenta los esfuerzos para ofrecer a su p\u00fablico m\u00fasica de calidad. El concierto que se est\u00e1 preparando para Santa Cecilia, que lleva por t\u00edtulo \u201cMitolog\u00edas\u201d, y bajo la direcci\u00f3n [&hellip;]<\/p>\n","protected":false},"author":2,"featured_media":0,"comment_status":"closed","ping_status":"closed","sticky":false,"template":"","format":"standard","meta":{"footnotes":""},"categories":[56],"tags":[],"class_list":["post-13959","post","type-post","status-publish","format-standard","hentry","category-societats-musicals"],"_links":{"self":[{"href":"https:\/\/fsmcv.org\/vl\/wp-json\/wp\/v2\/posts\/13959","targetHints":{"allow":["GET"]}}],"collection":[{"href":"https:\/\/fsmcv.org\/vl\/wp-json\/wp\/v2\/posts"}],"about":[{"href":"https:\/\/fsmcv.org\/vl\/wp-json\/wp\/v2\/types\/post"}],"author":[{"embeddable":true,"href":"https:\/\/fsmcv.org\/vl\/wp-json\/wp\/v2\/users\/2"}],"replies":[{"embeddable":true,"href":"https:\/\/fsmcv.org\/vl\/wp-json\/wp\/v2\/comments?post=13959"}],"version-history":[{"count":0,"href":"https:\/\/fsmcv.org\/vl\/wp-json\/wp\/v2\/posts\/13959\/revisions"}],"wp:attachment":[{"href":"https:\/\/fsmcv.org\/vl\/wp-json\/wp\/v2\/media?parent=13959"}],"wp:term":[{"taxonomy":"category","embeddable":true,"href":"https:\/\/fsmcv.org\/vl\/wp-json\/wp\/v2\/categories?post=13959"},{"taxonomy":"post_tag","embeddable":true,"href":"https:\/\/fsmcv.org\/vl\/wp-json\/wp\/v2\/tags?post=13959"}],"curies":[{"name":"wp","href":"https:\/\/api.w.org\/{rel}","templated":true}]}}