{"id":1396,"date":"2016-09-27T13:02:11","date_gmt":"2016-09-27T11:02:11","guid":{"rendered":"http:\/\/fsmcv.org\/?p=1396"},"modified":"2020-09-27T18:18:59","modified_gmt":"2020-09-27T18:18:59","slug":"joventuts-musicals-de-la-vall-dalbaida-organiza-una-nova-edicion-del-curso-academico-anual-de-direccion-de-banda","status":"publish","type":"post","link":"https:\/\/fsmcv.org\/vl\/noticies-campanyes\/musica-a-la-llum\/joventuts-musicals-de-la-vall-dalbaida-organiza-una-nova-edicion-del-curso-academico-anual-de-direccion-de-banda\/","title":{"rendered":"Joventuts Musicals de la Vall d&#8217;Albaida organitza una nova edici\u00f3 del Curs Acad\u00e8mic Anual d&#8217;e Direcci\u00f3 de Banda."},"content":{"rendered":"<p><span class=\"texto\">Composici\u00f3, direcci\u00f3, repertori, instrumentaci\u00f3, did\u00e0ctica i educaci\u00f3 auditiva s\u00f3n algunes de les assignatures que s&#8217;ensenyaran durant el <strong>Curs Acad\u00e8mic Anual de Direcci\u00f3 de Banda<\/strong> organitzat per <strong>Joventuts Musicals de la Vall d&#8217;Albaida<\/strong>. Est\u00e0<strong> dirigit a directors de bandes, professors de m\u00fasica, estudiants i m\u00fasics en general<\/strong> que vulguen adquirir, ampliar i perfeccionar coneixements de les diferents mat\u00e8ries que s&#8217;imparteixen.<\/span><\/p>\n<p>Entre el seu professorat es troben directors tan reconeguts com <strong>Jos\u00e9 <span class=\"hiddenSpellError\">Pascual<\/span> Vilaplana i <span class=\"hiddenSpellError\">Ram\u00f3n<\/span> <span class=\"hiddenSpellError\">Garc\u00eda<\/span> i Soler.<\/strong><\/p>\n<p>Per a poder cursar els estudis d&#8217;Adre\u00e7a de Banda, <strong>s&#8217;haur\u00e0 d&#8217;estar en possessi\u00f3 del t\u00edtol professional de m\u00fasica<\/strong>, o en defecte d&#8217;a\u00e7\u00f2 es podr\u00e0 accedir mitjan\u00e7ant una prova espec\u00edfica d&#8217;An\u00e0lisi i d&#8217;Harmonia.<\/p>\n<p>El Curs de Direcci\u00f3 de Banda consta de <strong>3 cursos<\/strong>, en finalitzar els 3 cursos s&#8217;obtindr\u00e0 un diploma acreditatiu si es considera que ha superat els cursos.<\/p>\n<p>Les classes s&#8217;impartiran amb una periodicitat de dues trobades al trimestre.<\/p>\n<h3>PROFESSORAT<\/h3>\n<p><strong>Jos\u00e9 R. <span class=\"hiddenSpellError\">Pascual<\/span>-Vilaplana<\/strong><\/p>\n<p>(Muro, Alacant, 1971) va iniciar els seus estudis musicals amb el bombard\u00ed i el piano en l&#8217;Escola de M\u00fasica de Muro, per a continuar-los en els conservatoris d&#8217;Alcoi i de Val\u00e8ncia. Va estudiar Direcci\u00f3 de Banda i d&#8217;Orquestra amb els mestres Jan <span class=\"hiddenSpellError\">Cober<\/span> (Holanda), Eugene <span class=\"hiddenSpellError\">Corporon<\/span> i <span class=\"hiddenSpellError\">James<\/span> <span class=\"hiddenSpellError\">Croft<\/span> (EUA), Karl <span class=\"hiddenSpellError\">\u00d6sterreicher<\/span>, <span class=\"hiddenSpellError\">Hans<\/span> Graf i <span class=\"hiddenSpellError\">Yuji<\/span> <span class=\"hiddenSpellError\">Yuhasa<\/span> (\u00c0ustria) i <span class=\"hiddenSpellError\">Georges<\/span> <span class=\"hiddenSpellError\">Pehlivanian<\/span> (Eslov\u00e8nia).<\/p>\n<p><strong>Ramon Garcia i Soler<\/strong><\/p>\n<p>(Atzeneta d&#8217;Albaida, Val\u00e8ncia, 1971) S&#8217;inicia en el m\u00f3n de la m\u00fasica de la m\u00e0 del seu pare i del mestre <span class=\"hiddenSpellError\">Eduardo<\/span> Soler <span class=\"hiddenSpellError\">Ibarra<\/span>. Ingressa en el Conservatori Professional de M\u00fasica &#8220;Mestre <span class=\"hiddenSpellError\">Vert<\/span>&#8221; de Carcaixent on cursa estudis de piano i guitarra, obtenint el <span class=\"hiddenSpellError\">Pemi<\/span> <span class=\"hiddenSpellError\">Extraordin\u00e0ri<\/span> Fi de Grau. Despr\u00e9s es trasllada al Conservatori Superior de M\u00fasica &#8220;Oscar <span class=\"hiddenSpellError\">Espl\u00e1<\/span>&#8221; d&#8217;Alacant on es gradua en guitarra sota la direcci\u00f3 del Catedr\u00e0tic D. Jos\u00e9 <span class=\"hiddenSpellError\">Tom\u00e1s<\/span>.<\/p>\n<p><strong><span class=\"hiddenSpellError\">Tom\u00e1s<\/span> <span class=\"hiddenSpellError\">Gilabert<\/span> <span class=\"hiddenSpellError\">Giner<\/span><\/strong><\/p>\n<p>(Benig\u00e0nim, Val\u00e8ncia, 1968), va comen\u00e7ar els seus estudis musicals en la Banda del seu poble a 12 anys tocant el saxofon. En 1981 inicia els estudis de m\u00fasica en el Conservatori Professional de M\u00fasica de Val\u00e8ncia on obt\u00e9 en aquest Conservatori i en el Conservatori Superior de M\u00fasica &#8220;<span class=\"hiddenSpellError\">Joaqu\u00edn<\/span> <span class=\"hiddenSpellError\">Rodrigo<\/span>&#8221; de Val\u00e8ncia, diversos t\u00edtols.<\/p>\n<p><strong>Jos\u00e9 <span class=\"hiddenSpellError\">Miguel<\/span> <span class=\"hiddenSpellError\">Fayos<\/span> <span class=\"hiddenSpellError\">Jord\u00e1n<\/span><\/strong><\/p>\n<p>Realitza els seus estudis de Composici\u00f3 en el Conservatori Superior de M\u00fasica &#8220;<span class=\"hiddenSpellError\">J<\/span>.<span class=\"hiddenSpellError\">Rodrigo<\/span>&#8221; de Val\u00e8ncia culminant la seua carrera amb el &#8220;Premi extraordinari&#8221;. Entre alguns dels seus mestres destaquen: <span class=\"hiddenSpellError\">R<\/span>. Ramos, G. Jim\u00e9nez, I. <span class=\"hiddenSpellError\">Sanz<\/span>&#8211;<span class=\"hiddenSpellError\">Burguete<\/span>, C. <span class=\"hiddenSpellError\">Cano<\/span>, I. <span class=\"hiddenSpellError\">Caland\u00edn<\/span> i F. Tamarit.<\/p>\n<p>Juan Jos\u00e9 Silvestre Soler<\/p>\n<p>Naix a Albaida l&#8217;any 1956. Va comen\u00e7ar els seus estudis de m\u00fasica a deu anys i als dotze tocava el <span class=\"hiddenSpellError\">bombardino<\/span> en la Banda Uni\u00f3 Musical d&#8217;Albaida.<\/p>\n<p><a href=\"http:\/\/jjmmvallalbaida.wix.com\/direccion-de-banda#%21inscripcion\/cta3_\" target=\"_blank\" rel=\"noopener\">M\u00e9s informaci\u00f3: Web Curs de Direcci\u00f3 de Banda <\/a><\/p>\n<p><a href=\"http:\/\/fsmcv.org\/wp-content\/uploads\/news\/Triptic%20Curs%20Direccio%20Banda.pdf\"> Triptic pre-incripci\u00f3 i informaci\u00f3 del Curs<\/a><\/p>\n","protected":false},"excerpt":{"rendered":"<p>Composici\u00f3, direcci\u00f3, repertori, instrumentaci\u00f3, did\u00e0ctica i educaci\u00f3 auditiva s\u00f3n algunes de les assignatures que s&#8217;ensenyaran durant el Curs Acad\u00e8mic Anual de Direcci\u00f3 de Banda organitzat per Joventuts Musicals de la Vall d&#8217;Albaida. Est\u00e0 dirigit a directors de bandes, professors de m\u00fasica, estudiants i m\u00fasics en general que vulguen adquirir, ampliar i perfeccionar coneixements de les [&hellip;]<\/p>\n","protected":false},"author":2,"featured_media":0,"comment_status":"open","ping_status":"closed","sticky":false,"template":"","format":"standard","meta":{"footnotes":""},"categories":[10],"tags":[],"class_list":["post-1396","post","type-post","status-publish","format-standard","hentry","category-musica-a-la-llum"],"_links":{"self":[{"href":"https:\/\/fsmcv.org\/vl\/wp-json\/wp\/v2\/posts\/1396","targetHints":{"allow":["GET"]}}],"collection":[{"href":"https:\/\/fsmcv.org\/vl\/wp-json\/wp\/v2\/posts"}],"about":[{"href":"https:\/\/fsmcv.org\/vl\/wp-json\/wp\/v2\/types\/post"}],"author":[{"embeddable":true,"href":"https:\/\/fsmcv.org\/vl\/wp-json\/wp\/v2\/users\/2"}],"replies":[{"embeddable":true,"href":"https:\/\/fsmcv.org\/vl\/wp-json\/wp\/v2\/comments?post=1396"}],"version-history":[{"count":0,"href":"https:\/\/fsmcv.org\/vl\/wp-json\/wp\/v2\/posts\/1396\/revisions"}],"wp:attachment":[{"href":"https:\/\/fsmcv.org\/vl\/wp-json\/wp\/v2\/media?parent=1396"}],"wp:term":[{"taxonomy":"category","embeddable":true,"href":"https:\/\/fsmcv.org\/vl\/wp-json\/wp\/v2\/categories?post=1396"},{"taxonomy":"post_tag","embeddable":true,"href":"https:\/\/fsmcv.org\/vl\/wp-json\/wp\/v2\/tags?post=1396"}],"curies":[{"name":"wp","href":"https:\/\/api.w.org\/{rel}","templated":true}]}}