{"id":1402,"date":"2016-09-27T13:10:04","date_gmt":"2016-09-27T11:10:04","guid":{"rendered":"http:\/\/fsmcv.org\/?p=1402"},"modified":"2020-09-27T18:19:13","modified_gmt":"2020-09-27T18:19:13","slug":"la-banda-municipal-de-bilbao-organitza-encuentros-sobre-direccion-orquestal","status":"publish","type":"post","link":"https:\/\/fsmcv.org\/vl\/noticies-campanyes\/musica-a-la-llum\/la-banda-municipal-de-bilbao-organitza-encuentros-sobre-direccion-orquestal\/","title":{"rendered":"La Banda Municipal de Bilbao organitza &#8220;Encuentros sobre direcci\u00f3n orquestal&#8221;"},"content":{"rendered":"<p class=\"texto\">La Banda Municipal de Bilbao organitza <strong>&#8220;Encuentros sobre direcci\u00f3n orquestal&#8221;<\/strong>, que tindran lloc <strong>del 18 al 21 d&#8217;octubre de 2016<\/strong>.<\/p>\n<p>L&#8217;objectiu principal d&#8217;aquestes trobades \u00e9s<strong> fomentar l&#8217;estudi de la direcci\u00f3 orquestral en formacions contempor\u00e0nies,<\/strong> aix\u00ed com oferir recursos t\u00e8cnics i art\u00edstics per al desenvolupament de la conducci\u00f3 de grups instrumentals.<\/p>\n<p><strong>Jos\u00e9 R. Pascual-Vilaplana i el mestre Johan de Meij exerciran de professor i professor convidat respectivament en les trobades.<\/strong><\/p>\n<p>Es compta amb la col\u00b7laboraci\u00f3 com a banda de pr\u00e0ctiques de la <strong>Banda Municipal de M\u00fasica de Bilbao<\/strong>, la qual ofereix la possibilitat als m\u00fasics participants, de formar part en un concurs per a designar un director convidat que treballaria amb la formaci\u00f3 en la Temporada de Concerts 2017-2018.<\/p>\n<p>Seran els propis professors de la Banda Municipal els qui actuen com a jurat. Aix\u00ed mateix, el curs est\u00e0 obert a totes aquelles persones interessades en l&#8217;estudi de la direcci\u00f3 sense l&#8217;obligaci\u00f3 de participar en el concurs.<\/p>\n<p><strong>Durada<\/strong>: 24 hores<\/p>\n<p><strong>Continguts del curs<\/strong>:<\/p>\n<ul>\n<li>La figura dela direcci\u00f3 d&#8217;orquestra contempor\u00e0nia.<\/li>\n<li>T\u00e8cnica quiron\u00f3mica. La comunicaci\u00f3 a trav\u00e9s del gest.<\/li>\n<li>L&#8217;an\u00e0lisi de partitures en l&#8217;elaboraci\u00f3 d&#8217;un criteri interpretatiu.<\/li>\n<li>L&#8217;organolog\u00eda i instrumentaci\u00f3 band\u00edstica.<\/li>\n<li>Did\u00e0ctica en la direcci\u00f3: des de l&#8217;assaig a la programaci\u00f3 d&#8217;un projecte band\u00edstico.<\/li>\n<\/ul>\n<p>Les inscripcions s&#8217;hauran de remetre per correu electr\u00f2nic abans del 29 de juliol de 2016 a BilbaoMusika (<a href=\"mailto:amaia@bilbaomusika.eus\">amaia@bilbaomusika.eus<\/a>) juntament amb el resguard del pagament d&#8217;inscripci\u00f3.<\/p>\n<p>Les persones seleccionades seran informades a partir del 16 d&#8217;agost.<\/p>\n<p><a href=\"http:\/\/fsmcv.org\/wp-content\/uploads\/news\/Cast%20-%20Encuentros%20sobre%20Direcci%C3%B3n%20Orquestal.pdf\">En aquest enlla\u00e7 trobar\u00e0s tota la informaci\u00f3 detallada sobre les Trobades i el formulari d&#8217;nscripci\u00f3.<\/a><\/p>\n<p>&nbsp;<\/p>\n","protected":false},"excerpt":{"rendered":"<p>La Banda Municipal de Bilbao organitza &#8220;Encuentros sobre direcci\u00f3n orquestal&#8221;, que tindran lloc del 18 al 21 d&#8217;octubre de 2016. L&#8217;objectiu principal d&#8217;aquestes trobades \u00e9s fomentar l&#8217;estudi de la direcci\u00f3 orquestral en formacions contempor\u00e0nies, aix\u00ed com oferir recursos t\u00e8cnics i art\u00edstics per al desenvolupament de la conducci\u00f3 de grups instrumentals. Jos\u00e9 R. Pascual-Vilaplana i el [&hellip;]<\/p>\n","protected":false},"author":2,"featured_media":0,"comment_status":"open","ping_status":"closed","sticky":false,"template":"","format":"standard","meta":{"footnotes":""},"categories":[10],"tags":[],"class_list":["post-1402","post","type-post","status-publish","format-standard","hentry","category-musica-a-la-llum"],"_links":{"self":[{"href":"https:\/\/fsmcv.org\/vl\/wp-json\/wp\/v2\/posts\/1402","targetHints":{"allow":["GET"]}}],"collection":[{"href":"https:\/\/fsmcv.org\/vl\/wp-json\/wp\/v2\/posts"}],"about":[{"href":"https:\/\/fsmcv.org\/vl\/wp-json\/wp\/v2\/types\/post"}],"author":[{"embeddable":true,"href":"https:\/\/fsmcv.org\/vl\/wp-json\/wp\/v2\/users\/2"}],"replies":[{"embeddable":true,"href":"https:\/\/fsmcv.org\/vl\/wp-json\/wp\/v2\/comments?post=1402"}],"version-history":[{"count":0,"href":"https:\/\/fsmcv.org\/vl\/wp-json\/wp\/v2\/posts\/1402\/revisions"}],"wp:attachment":[{"href":"https:\/\/fsmcv.org\/vl\/wp-json\/wp\/v2\/media?parent=1402"}],"wp:term":[{"taxonomy":"category","embeddable":true,"href":"https:\/\/fsmcv.org\/vl\/wp-json\/wp\/v2\/categories?post=1402"},{"taxonomy":"post_tag","embeddable":true,"href":"https:\/\/fsmcv.org\/vl\/wp-json\/wp\/v2\/tags?post=1402"}],"curies":[{"name":"wp","href":"https:\/\/api.w.org\/{rel}","templated":true}]}}