{"id":14062,"date":"2019-12-05T13:40:31","date_gmt":"2019-12-05T12:40:31","guid":{"rendered":"https:\/\/fsmcv.org\/?post_type=fsmcv-noticias&#038;p=14062"},"modified":"2021-03-26T11:11:30","modified_gmt":"2021-03-26T10:11:30","slug":"la-joven-banda-sinfonica-interpretara-obras-musicales-recuperadas-en-su-concierto-del-domingo-en-segorbe-dentro-del-proyecto-musica-a-la-llum","status":"publish","type":"post","link":"https:\/\/fsmcv.org\/vl\/certamens\/la-joven-banda-sinfonica-interpretara-obras-musicales-recuperadas-en-su-concierto-del-domingo-en-segorbe-dentro-del-proyecto-musica-a-la-llum\/","title":{"rendered":"[:es]La Joven Banda Sinf\u00f3nica interpretar\u00e1 obras musicales recuperadas en su concierto del domingo en Segorbe dentro del proyecto \u2018M\u00fasica a la Llum\u2019[:]"},"content":{"rendered":"<p>[:es]La Joven Banda Sinf\u00f3nica de la Federaci\u00f3n de Sociedades Musicales de la Comunidad Valenciana (FSMCV) ofrece este domingo una nueva edici\u00f3n del concierto <a href=\"https:\/\/www.musicaalallum.es\/\" target=\"_blank\" rel=\"noopener\">\u2018M\u00fasica a la Llum\u2019<\/a>, proyecto de recuperaci\u00f3n del patrimonio musical impulsado por Bankia, el Instituto Valenciano de Cultura (IVC) y la FSMCV.<\/p>\n<p>El concierto, que tendr\u00e1 lugar en el Auditorio Municipal Salvador Segu\u00ed de Segorbe, estar\u00e1 dirigido por Carlos Ram\u00f3n-P\u00e9rez y se interpretar\u00e1n obras recuperadas en combinaci\u00f3n con obras de compositores actuales.<\/p>\n<p>Enmarcado en la l\u00ednea de recuperaci\u00f3n patrimonial de este proyecto, la cuarta edici\u00f3n del concierto de \u2018M\u00fasica a la Llum\u2019 presentar\u00e1 obras de destacados m\u00fasicos castellonenses del \u00faltimo cuarto del siglo XIX y principios del XX como son Perfecto Artola (1904-1992), natural de Benassal; Jos\u00e9 Goteris (1873-1930), de Vila-Real; el saguntino Antonio Palanca (1870-1933), junto a otros compositores del mismo periodo como el alcoyano Jos\u00e9 Carbonell (1890-1957).<\/p>\n<p>&nbsp;<\/p>\n<p>El programa, adem\u00e1s, combinar\u00e1 la recuperaci\u00f3n de piezas poco habituales en el repertorio band\u00edstico actual con obras de compositores contempor\u00e1neos, como Andr\u00e9s Valero-Castells y Ramon Garcia i Soler.<\/p>\n<p>&nbsp;<\/p>\n<p>La presidenta de la FSMCV, Daniela Gonz\u00e1lez, ha explicado que \u201c\u2018M\u00fasica a la Llum\u2019 es un programa de recuperaci\u00f3n patrimonial que est\u00e1 propiciando que afloren aut\u00e9nticos tesoros que permanec\u00edan hasta ahora ocultos, tanto en lo que respecta a partituras como instrumentos y materiales muy valiosos para el colectivo de nuestras sociedades musicales. Este concierto supone culminar un a\u00f1o de trabajo del que estamos especialmente orgullosos y nos permite difundir el extraordinario patrimonio de las sociedades musicales, gracias a la colaboraci\u00f3n con Bankia y el IVC\u201d.<\/p>\n<p>&nbsp;<\/p>\n<p>&nbsp;<\/p>\n<p>El director corporativo de la Territorial de Bankia en Valencia y Castell\u00f3n, Jaime Casas, ha destacado que \u201cpara el banco, la formaci\u00f3n de los j\u00f3venes y la recuperaci\u00f3n del patrimonio musical forman parte del compromiso que tenemos con la m\u00fasica y con la Comunidad Valenciana, porque sabemos la importancia que tiene en la regi\u00f3n como eje vertebrador y nexo de uni\u00f3n entre las distintas provincias\u201d.<\/p>\n<p>&nbsp;<\/p>\n<p><strong>Cuarto CD \u2018M\u00fasica a la Llum\u2019<\/strong><\/p>\n<p>Como parte del programa pedag\u00f3gico y art\u00edstico habitual de la Joven Banda Sinf\u00f3nica de la FSMCV, este concierto viene precedido de un encuentro formativo, desde este jueves hasta el domingo. Adem\u00e1s de los encuentros, los integrantes de la Joven Banda Sinf\u00f3nica realizar\u00e1n estos d\u00edas la grabaci\u00f3n del que ser\u00e1 el cuarto CD de la colecci\u00f3n \u2018M\u00fasica a la Llum\u2019, editado como resultado discogr\u00e1fico de este proyecto.<\/p>\n<p>&nbsp;<\/p>\n<p>Asimismo, cabe destacar la participaci\u00f3n este a\u00f1o de tres m\u00fasicos provenientes de Colombia -un director y dos int\u00e9rpretes- como parte del convenio de colaboraci\u00f3n que mantiene la FSMCV con el Ministerio de Cultura de Colombia para propiciar la formaci\u00f3n de estos m\u00fasicos y su conocimiento acerca del fen\u00f3meno band\u00edstico de la Comunidad Valenciana, considerado \u00fanico en el mundo.<\/p>\n<p>&nbsp;<\/p>\n<p>\u2018M\u00fasica a la Llum\u2019 surge como parte del proyecto <a href=\"http:\/\/www.bankiaescoltavalencia.es\/index.html\" target=\"_blank\" rel=\"noopener\">Bankia Escolta Val\u00e8ncia<\/a> para colaborar con las sociedades musicales en la conservaci\u00f3n, puesta en valor y difusi\u00f3n del rico patrimonio cultural custodiado en sus archivos. A trav\u00e9s de esta iniciativa, se pretende ayudar a conocer mejor este patrimonio musical que identifica culturalmente a los valencianos y que merece ser recuperado. Entre otras acciones de este proyecto, destaca la celebraci\u00f3n en Valencia del primer Congreso Internacional \u2018M\u00fasica a la Llum\u2019, en diciembre de 2018, que permiti\u00f3 dar a conocer el gran patrimonio de las sociedades musicales dentro del \u00e1mbito de la investigaci\u00f3n internacional.<\/p>\n<p>&nbsp;<\/p>\n<p><strong>Sobre las obras recuperadas<\/strong><\/p>\n<p>Perfecto Artola fue m\u00fasico militar, tuvo una completa formaci\u00f3n musical y desarroll\u00f3 la mayor parte de su carrera en M\u00e1laga, como director de su banda municipal, aunque nunca perdi\u00f3 los v\u00ednculos con su tierra. Este \u2018Scherzo\u2019 muestra su gusto por las formas cl\u00e1sicas. Jos\u00e9 Goterris, en cambio, se form\u00f3 entre Vila-real y Burriana, y su carrera se desarroll\u00f3 principalmente al frente de la banda de Vila-real, para la cual compuso la \u2018Odisea gitana\u2019, muy bien recibida en el certamen de Val\u00e8ncia de 1927.<\/p>\n<p>\u2018Horas y caminos\u2019, del alicantino Rafael Rodr\u00edguez Albert, apenas se ha escuchado pese a estar considerada como una obra maestra, por los problemas que entra\u00f1aba la falta de una edici\u00f3n completa y la complejidad de los manuscritos conservados. Ahora hemos podido reconstruirla y presentarla cuando se cumplen 40 a\u00f1os de la muerte del maestro. El saguntino Antonio Palanca compuso su poema sinf\u00f3nico \u2018Ecos llevantins\u2019 para la Municipal de Valencia y fue un autor prol\u00edfico, disc\u00edpulo predilecto de Salvador Giner, pese a lo cual su obra ha ca\u00eddo injustamente en el olvido.<\/p>\n<p>&nbsp;<\/p>\n<p>&nbsp;<\/p>\n<p>Finalmente, Jos\u00e9 Carbonell fue un destacado m\u00fasico alcoyano, fundador de la banda de la Cruz Roja y luego muy vinculado a la Societat Musical Nova d&#8217;Alcoi. Su sinfon\u00eda \u2018Mariola\u2019 data de 1914 y ha sido posible recuperarla gracias a un legado de su familia a dicha sociedad musical.<\/p>\n<p>&nbsp;<\/p>\n<p><strong>Sobre la Joven Banda Sinf\u00f3nica de la FSMCV<\/strong><\/p>\n<p>La Joven Banda Sinf\u00f3nica de la Federaci\u00f3n de Sociedades Musicales de la Comunidad Valenciana (FSMCV) es una muestra del fen\u00f3meno social, educativo y cultural \u00fanico en el mundo que representan estas asociaciones. Est\u00e1 concebida como una agrupaci\u00f3n de alto rendimiento integrada por una selecci\u00f3n de 112 m\u00fasicos de 18 a 28 a\u00f1os provenientes de todas las comarcas de Alicante, Castell\u00f3n y Valencia.<\/p>\n<p>&nbsp;<\/p>\n<p>En el a\u00f1o 2000, la FSMCV se plante\u00f3 retomar un proyecto cuyos inicios hay que buscarlos en la primigenia Banda Juvenil de la Federaci\u00f3n creada en 1992. En el primer a\u00f1o de su refundaci\u00f3n, la Joven Banda Sinf\u00f3nica de la FSMCV actu\u00f3 en el Palau de Altea, donde hizo su presentaci\u00f3n el 9 de octubre de 2001.<\/p>\n<p>&nbsp;<\/p>\n<p>Tras el \u00e9xito obtenido, se constituy\u00f3 de forma estable con el objetivo de proporcionar a sus componentes la experiencia de trabajar bajo la direcci\u00f3n de excelentes directores y con repertorios de gran banda sinf\u00f3nica, as\u00ed como actuar en los mejores auditorios; esto, unido a la convivencia con otros j\u00f3venes m\u00fasicos en los encuentros previos a los conciertos, les anima a seguir adelante tanto en la propia banda de m\u00fasica\u00a0 de la sociedad musical a la que pertenecen, como en sus estudios musicales.<\/p>\n<p>&nbsp;<\/p>\n<p>Desde sus inicios la Joven Banda Sinf\u00f3nica de la FSMCV ha sido dirigida por m\u00fasicos de prestigio. Renovado anualmente, el puesto de director de la Joven Banda Sinf\u00f3nica lo ocupa este a\u00f1o 2019 el alicantino Carlos Ram\u00f3n-P\u00e9rez.<\/p>\n<p>&nbsp;<\/p>\n<p>M\u00e1s informaci\u00f3n sobre \u2018M\u00fasica a la Llum\u2019 en: <a href=\"http:\/\/www.musicaalallum.es\" target=\"_blank\" rel=\"noopener\">www.musicaalallum.es<\/a>[:]<\/p>\n","protected":false},"excerpt":{"rendered":"<p>[:es]La Joven Banda Sinf\u00f3nica de la Federaci\u00f3n de Sociedades Musicales de la Comunidad Valenciana (FSMCV) ofrece este domingo una nueva edici\u00f3n del concierto \u2018M\u00fasica a la Llum\u2019, proyecto de recuperaci\u00f3n del patrimonio musical impulsado por Bankia, el Instituto Valenciano de Cultura (IVC) y la FSMCV.[:]<\/p>\n","protected":false},"author":2,"featured_media":0,"comment_status":"closed","ping_status":"closed","sticky":false,"template":"","format":"standard","meta":{"footnotes":""},"categories":[1],"tags":[],"class_list":["post-14062","post","type-post","status-publish","format-standard","hentry","category-certamenes"],"_links":{"self":[{"href":"https:\/\/fsmcv.org\/vl\/wp-json\/wp\/v2\/posts\/14062","targetHints":{"allow":["GET"]}}],"collection":[{"href":"https:\/\/fsmcv.org\/vl\/wp-json\/wp\/v2\/posts"}],"about":[{"href":"https:\/\/fsmcv.org\/vl\/wp-json\/wp\/v2\/types\/post"}],"author":[{"embeddable":true,"href":"https:\/\/fsmcv.org\/vl\/wp-json\/wp\/v2\/users\/2"}],"replies":[{"embeddable":true,"href":"https:\/\/fsmcv.org\/vl\/wp-json\/wp\/v2\/comments?post=14062"}],"version-history":[{"count":0,"href":"https:\/\/fsmcv.org\/vl\/wp-json\/wp\/v2\/posts\/14062\/revisions"}],"wp:attachment":[{"href":"https:\/\/fsmcv.org\/vl\/wp-json\/wp\/v2\/media?parent=14062"}],"wp:term":[{"taxonomy":"category","embeddable":true,"href":"https:\/\/fsmcv.org\/vl\/wp-json\/wp\/v2\/categories?post=14062"},{"taxonomy":"post_tag","embeddable":true,"href":"https:\/\/fsmcv.org\/vl\/wp-json\/wp\/v2\/tags?post=14062"}],"curies":[{"name":"wp","href":"https:\/\/api.w.org\/{rel}","templated":true}]}}