{"id":14115,"date":"2019-12-13T10:40:27","date_gmt":"2019-12-13T09:40:27","guid":{"rendered":"https:\/\/fsmcv.org\/?post_type=fsmcv-noticias&#038;p=14115"},"modified":"2021-04-06T14:02:20","modified_gmt":"2021-04-06T12:02:20","slug":"la-banda-primitiva-posa-punt-final-al-bicentenari-amb-un-concert-historic-amb-els-directors-titulars","status":"publish","type":"post","link":"https:\/\/fsmcv.org\/vl\/societats-musicals\/la-banda-primitiva-posa-punt-final-al-bicentenari-amb-un-concert-historic-amb-els-directors-titulars\/","title":{"rendered":"La Banda Primitiva posa punt final al bicentenari amb un concert hist\u00f2ric amb els directors titulars"},"content":{"rendered":"<p>Despr\u00e9s d\u2019un any replet d\u2019emocions, la Banda Primitiva tanca les celebracions de la commemoraci\u00f3 dels seus 200 anys d\u2019hist\u00f2ria amb un concert hist\u00f2ric dels directors titulars del Clar\u00edn, que tindr\u00e0 lloc el pr\u00f2xim dissabte 28 de desembre, a les 19.00 hores.<\/p>\n<p>&nbsp;<\/p>\n<p>Seran 7 els directors titulars del Clarin que prendran la batuta per dirigir de nou la bicenten\u00e0ria agrupaci\u00f3: Vicent Sempere Gomis, que va dirigir entre 1976 i 1979; Gabriel Garc\u00eda Mart\u00ednez, 1984-1985; Jaime Belda Cantavella, 1989-1993; Ram\u00f3n Ram\u00edrez Beneyto, 1995-2000; Roberto For\u00e9s Asensi, 2000-2008; Miguel Moreno Guna, 2008-2013; i Javier Engu\u00eddanos Morat\u00f3, director titular de la banda des del 2013.<\/p>\n<p>Els directors Bernardo Adam Ferrero (1979-1980) i Jos\u00e9 Agust\u00edn Fabra Catal\u00e0 (1993-1995), els altres dos directors del Clar\u00edn que queden en vida, no podran estar presentes per motius personals.<\/p>\n<p>\u201cDes de que comen\u00e7\u00e0rem a treballar en els actes del bicentenari, sab\u00edem que este era el tipus de concert que vol\u00edem per tancar les celebracions\u201d explica el president de la societat, Jos\u00e9 Luis P\u00e9rez Veses. \u201cHem preparat una nit molt especial, carregada de nost\u00e0lgia i emocions. Una nit clarinera al 100%, on les persones que formen la nostra societat seran les protagonistes\u201d.<\/p>\n<p>Cadascun dels directors titulars dirigiran una obra representativa del seu pas per la Banda Primitiva de Ll\u00edria, amb un repertori divers, que abra\u00e7ar\u00e0 des de la sarsuela, les transcripcions hist\u00f2riques de l\u2019arxiu de la societat i obres del repertori contemporani.<\/p>\n<p>Les entrades per al concert es posen a la venda el dilluns 16 de desembre. Durant els tres primers dies, la venta ser\u00e0 exclusiva per als socis que podran traure dos entrades per soci. A partir del dijous 19 de desembre, la venta s\u2019obrir\u00e0 al p\u00fablic general.<\/p>\n<p>El preu de l\u2019entrada ser\u00e0 de 3\u20ac per als socis i de 5\u20ac per als no-socis.<\/p>\n","protected":false},"excerpt":{"rendered":"<p>El concert tindr\u00e0 lloc el dissabte 28 de desembre a les 19.00 hores<\/p>\n","protected":false},"author":2,"featured_media":0,"comment_status":"closed","ping_status":"closed","sticky":false,"template":"","format":"standard","meta":{"footnotes":""},"categories":[56],"tags":[],"class_list":["post-14115","post","type-post","status-publish","format-standard","hentry","category-societats-musicals"],"_links":{"self":[{"href":"https:\/\/fsmcv.org\/vl\/wp-json\/wp\/v2\/posts\/14115","targetHints":{"allow":["GET"]}}],"collection":[{"href":"https:\/\/fsmcv.org\/vl\/wp-json\/wp\/v2\/posts"}],"about":[{"href":"https:\/\/fsmcv.org\/vl\/wp-json\/wp\/v2\/types\/post"}],"author":[{"embeddable":true,"href":"https:\/\/fsmcv.org\/vl\/wp-json\/wp\/v2\/users\/2"}],"replies":[{"embeddable":true,"href":"https:\/\/fsmcv.org\/vl\/wp-json\/wp\/v2\/comments?post=14115"}],"version-history":[{"count":0,"href":"https:\/\/fsmcv.org\/vl\/wp-json\/wp\/v2\/posts\/14115\/revisions"}],"wp:attachment":[{"href":"https:\/\/fsmcv.org\/vl\/wp-json\/wp\/v2\/media?parent=14115"}],"wp:term":[{"taxonomy":"category","embeddable":true,"href":"https:\/\/fsmcv.org\/vl\/wp-json\/wp\/v2\/categories?post=14115"},{"taxonomy":"post_tag","embeddable":true,"href":"https:\/\/fsmcv.org\/vl\/wp-json\/wp\/v2\/tags?post=14115"}],"curies":[{"name":"wp","href":"https:\/\/api.w.org\/{rel}","templated":true}]}}