{"id":14121,"date":"2019-12-13T11:02:22","date_gmt":"2019-12-13T10:02:22","guid":{"rendered":"https:\/\/fsmcv.org\/?post_type=fsmcv-noticias&#038;p=14121"},"modified":"2021-04-06T14:01:58","modified_gmt":"2021-04-06T12:01:58","slug":"concert-de-nadal-societat-musical-lesperanca-de-sant-vicent-del-raspeig","status":"publish","type":"post","link":"https:\/\/fsmcv.org\/vl\/societats-musicals\/concert-de-nadal-societat-musical-lesperanca-de-sant-vicent-del-raspeig\/","title":{"rendered":"Concert de Nadal Societat Musical L&#8217;Esperan\u00e7a de Sant Vicent del Raspeig"},"content":{"rendered":"<p>La Societat Musical L&#8217;Esperan\u00e7a de Sant Vicent del Raspeig va celebrar el passat dia 30 de novembre el concert de clausura de la XXXVII Setmana Musical en Honor a Santa Cecilia amb l&#8217;actuaci\u00f3 de la seua Banda Titular i l&#8217;acompanyament d&#8217;un cor amb tots els seus educands en l&#8217;\u00faltima pe\u00e7a del concert. Aquest concert va posar el punt final a una programaci\u00f3 durant el mes de novembre en honor a la patrona dels m\u00fasics i que ha comptat amb l&#8217;actuaci\u00f3 d&#8217;associacions culturals i musicals, orquestra simf\u00f2nica i coral del municipi aix\u00ed com de la Banda Jove de la Societat Musical L&#8217;Esperan\u00e7a. La pr\u00f2xima actuaci\u00f3 de la Societat Musical L&#8217;Esperan\u00e7a tindr\u00e0 lloc el dilluns <strong>23 de desembre a les 20 hores<\/strong> en el seu ja cl\u00e0ssic concert de Nadal a l&#8217;Esgl\u00e9sia de Sant Vicent Ferrer<\/p>\n","protected":false},"excerpt":{"rendered":"<p>La pr\u00f2xima actuaci\u00f3 de la Societat Musical L&#8217;Esperan\u00e7a tindr\u00e0 lloc el dilluns 23 de desembre a les 20 hores en el seu ja cl\u00e0ssic concert de Nadal a l&#8217;Esgl\u00e9sia de Sant Vicent Ferrer<\/p>\n","protected":false},"author":2,"featured_media":0,"comment_status":"closed","ping_status":"closed","sticky":false,"template":"","format":"standard","meta":{"footnotes":""},"categories":[56],"tags":[],"class_list":["post-14121","post","type-post","status-publish","format-standard","hentry","category-societats-musicals"],"_links":{"self":[{"href":"https:\/\/fsmcv.org\/vl\/wp-json\/wp\/v2\/posts\/14121","targetHints":{"allow":["GET"]}}],"collection":[{"href":"https:\/\/fsmcv.org\/vl\/wp-json\/wp\/v2\/posts"}],"about":[{"href":"https:\/\/fsmcv.org\/vl\/wp-json\/wp\/v2\/types\/post"}],"author":[{"embeddable":true,"href":"https:\/\/fsmcv.org\/vl\/wp-json\/wp\/v2\/users\/2"}],"replies":[{"embeddable":true,"href":"https:\/\/fsmcv.org\/vl\/wp-json\/wp\/v2\/comments?post=14121"}],"version-history":[{"count":0,"href":"https:\/\/fsmcv.org\/vl\/wp-json\/wp\/v2\/posts\/14121\/revisions"}],"wp:attachment":[{"href":"https:\/\/fsmcv.org\/vl\/wp-json\/wp\/v2\/media?parent=14121"}],"wp:term":[{"taxonomy":"category","embeddable":true,"href":"https:\/\/fsmcv.org\/vl\/wp-json\/wp\/v2\/categories?post=14121"},{"taxonomy":"post_tag","embeddable":true,"href":"https:\/\/fsmcv.org\/vl\/wp-json\/wp\/v2\/tags?post=14121"}],"curies":[{"name":"wp","href":"https:\/\/api.w.org\/{rel}","templated":true}]}}