{"id":14211,"date":"2019-12-26T11:26:31","date_gmt":"2019-12-26T10:26:31","guid":{"rendered":"https:\/\/fsmcv.org\/?post_type=fsmcv-noticias&#038;p=14211"},"modified":"2021-03-26T10:59:05","modified_gmt":"2021-03-26T09:59:05","slug":"orquesta-sm-artesana-catarroja","status":"publish","type":"post","link":"https:\/\/fsmcv.org\/vl\/noticies-campanyes\/cicle-de-concierts-bankia-dorquestres-de-la-comunitat-valenciana\/orquesta-sm-artesana-catarroja\/","title":{"rendered":"L&#8217;orquestra de la societat musical L\u2019Artesana de Catarroja posa el fermall final al segon \u2018Cicle de concerts Bankia d&#8217;Orquestres\u2019"},"content":{"rendered":"<p>El segon \u2018Cicle de concerts Bankia d&#8217;Orquestres de la Comunitat Valenciana\u2019, organitzat per Bankia, amb la col\u00b7laboraci\u00f3 de la Federaci\u00f3 de Societats Musicals de la Comunitat Valenciana (FSMCV) i el Institut Valenci\u00e0 de Cultura (IVC), es tancar\u00e0 aquest dissabte 28 de desembre a l&#8217;auditori de la Societat Musical L\u2019Artesana de Catarroja. El concert suposa el fi d&#8217;aquest cicle anual que ha comptat amb un total de dotze recitals d&#8217;orquestra al llarg de tota la Comunitat Valenciana.<\/p>\n<p>El \u2018Cicle de concerts Bankia d&#8217;Orquestres\u2019 ha aconseguit acostar el potencial orquestral de les societats musicals als municipis de la Comunitat Valenciana, fomentant el creixement i la difusi\u00f3 de les formacions orquestrals.<\/p>\n<p>A m\u00e9s, aquest cicle constitueix un fort suport financer per a totes les orquestres participants. Cadascuna ha rebut una ajuda econ\u00f2mica de 1.500 euros per a l&#8217;organitzaci\u00f3 dels seus concerts. En total, el cicle ha suposat una inversi\u00f3 de 21.000 euros per part de Bankia, emmarcats en el programa \u2018Bankia Escorta Val\u00e8ncia\u2019, que l&#8217;entitat financera impulsa a la Comunitat Valenciana per a donar suport al moviment associatiu musical en les tres prov\u00edncies.<\/p>\n<p>El \u2018Segon cicle Bankia d&#8217;Orquestres\u2019 es complementa a m\u00e9s amb el \u2018II Festival Bankia d&#8217;Orquestres de la Comunitat Valenciana\u2019, que va celebrar recentment els seus concerts a Ll\u00edria i Altea, i amb el \u2018IV Concurs Bankia d&#8217;Orquestres\u2019. La pr\u00f2xima edici\u00f3 d&#8217;aquest concurs tindr\u00e0 lloc els dies 1 i 2 de febrer de 2020 en Palau de les Arts de Val\u00e8ncia.<\/p>\n<p>El director corporatiu de la Territorial de Bankia a Val\u00e8ncia i Castell\u00f3, Jaime Casas, ha destacat que \u201cuna de les l\u00ednies d&#8217;actuaci\u00f3 de l&#8217;entitat passa per impulsar la m\u00fasica a la Comunitat Valenciana i donar-li aqueix empenyiment que necessiten les societats musicals, perqu\u00e8 som conscients de la import\u00e0ncia que t\u00e9 a la regi\u00f3 com a motor de desenvolupament personal i social i, sobretot, com a nexe d&#8217;uni\u00f3 entre prov\u00edncies\u201d.<\/p>\n<p>\u201cEl moviment orquestral a la Comunitat Valenciana t\u00e9 cada vegada m\u00e9s for\u00e7a, en gran part gr\u00e0cies a aquest cicle de concerts i totes les iniciatives impulsades des del programa \u2018Bankia Escorta Val\u00e8ncia\u2019 per a fomentar el teixit orquestral en aquesta terra. Els resultats quant a qualitat art\u00edstica i quantitat de formacions orquestrals s\u00f3n palpables, i aix\u00f2 ens impulsa a continuar treballant en aquesta l\u00ednia en futures edicions\u201d, ha explicat Daniela Gonz\u00e1lez, presidenta de la FSMCV.<\/p>\n<p><strong>Una Comunitat Valenciana a ritme d&#8217;orquestra<\/strong><\/p>\n<p>El concert d&#8217;aquest dissabte, amb l&#8217;actuaci\u00f3 de l&#8217;Orquestra de la societat musical L\u2019Artesana de Catarroja, ser\u00e0 el dotz\u00e9 i l&#8217;encarregat de tancar el cicle d&#8217;una programaci\u00f3 anual repleta de recitals de primer nivell.<\/p>\n<p>El cicle va ser inaugurat per la Societat Musical de Segorbe i l&#8217;Orquestra del Casino Musical de Godella el passat 12 de maig i li va seguir, el 18 i 25 de maig respectivament, l&#8217;Orquestra de l&#8217;Ateneu Musical de Cullera i l&#8217;Orquestra de la Societat Musical Instructiva Santa Cecilia de Cullera.<\/p>\n<p>Al juny van actuar l&#8217;Orquestra de la Societat Musical \u2018La Paz\u2019 de Sant Joan d&#8217;Alacant, l&#8217;Orquestra de l&#8217;Ateneu Musical i d&#8217;Ensenyament \u2018Banda Primitiva\u2019 (Ll\u00edria).<\/p>\n<p>El mes de juliol va ser el torn de l&#8217;Orquestra de la Societat Musical \u2018La Primitiva Setabense\u2019 i l&#8217;Orquestra de la Societat Musical \u2018La Primitiva\u2019 de Rafelbunyol. A l&#8217;octubre, el de l&#8217;Orquestra de l&#8217;Ateneu Musical Schola Cantorum (La Vall d&#8217;Uix\u00f3); al novembre, l&#8217;Orquestra de la Societat Musical d\u2019Alboraia, i al desembre el cicle ha finalitzat amb els concerts de l&#8217;Orquestra de la Uni\u00f3 Musical d\u2019Alaqu\u00e0s i el d&#8217;aquest dissabte amb l&#8217;Orquestra de la Societat Musical L\u2019Artesana (Catarroja).<\/p>\n","protected":false},"excerpt":{"rendered":"<p>El concert tindr\u00e0 lloc aquest dissabte 28 de desembre a l&#8217;auditori de la societat musical de la localitat de Catarroja<\/p>\n","protected":false},"author":2,"featured_media":0,"comment_status":"closed","ping_status":"closed","sticky":false,"template":"","format":"standard","meta":{"footnotes":""},"categories":[32],"tags":[],"class_list":["post-14211","post","type-post","status-publish","format-standard","hentry","category-cicle-de-concierts-bankia-dorquestres-de-la-comunitat-valenciana"],"_links":{"self":[{"href":"https:\/\/fsmcv.org\/vl\/wp-json\/wp\/v2\/posts\/14211","targetHints":{"allow":["GET"]}}],"collection":[{"href":"https:\/\/fsmcv.org\/vl\/wp-json\/wp\/v2\/posts"}],"about":[{"href":"https:\/\/fsmcv.org\/vl\/wp-json\/wp\/v2\/types\/post"}],"author":[{"embeddable":true,"href":"https:\/\/fsmcv.org\/vl\/wp-json\/wp\/v2\/users\/2"}],"replies":[{"embeddable":true,"href":"https:\/\/fsmcv.org\/vl\/wp-json\/wp\/v2\/comments?post=14211"}],"version-history":[{"count":0,"href":"https:\/\/fsmcv.org\/vl\/wp-json\/wp\/v2\/posts\/14211\/revisions"}],"wp:attachment":[{"href":"https:\/\/fsmcv.org\/vl\/wp-json\/wp\/v2\/media?parent=14211"}],"wp:term":[{"taxonomy":"category","embeddable":true,"href":"https:\/\/fsmcv.org\/vl\/wp-json\/wp\/v2\/categories?post=14211"},{"taxonomy":"post_tag","embeddable":true,"href":"https:\/\/fsmcv.org\/vl\/wp-json\/wp\/v2\/tags?post=14211"}],"curies":[{"name":"wp","href":"https:\/\/api.w.org\/{rel}","templated":true}]}}